{"id":2909,"date":"2020-03-20T09:36:34","date_gmt":"2020-03-20T09:36:34","guid":{"rendered":"https:\/\/www.treatwell.it/partners\/?post_type=blog&#038;p=2909"},"modified":"2026-02-15T16:39:14","modified_gmt":"2026-02-15T16:39:14","slug":"partita-iva-parrucchieri","status":"publish","type":"blog","link":"https:\/\/www.treatwell.it/partners\/risorse\/blog\/partita-iva-parrucchieri\/","title":{"rendered":"IVA parrucchieri: costi, obblighi e requisiti"},"content":{"rendered":"<blockquote class=\"wp-block-quote is-layout-flow wp-block-quote-is-layout-flow\">\n<p>&#8220;Aprire la partita IVA per un parrucchiere che vuole iniziare a svolgere la professione \u00e8 un passo obbligatorio. Ecco allora tutte le informazioni a riguardo&#8221;<\/p>\n<\/blockquote>\n<p>Quella del parrucchiere \u00e8 una di quelle professioni che d\u00e0 la possibilit\u00e0 di lavorare in proprio, avere il proprio salone di bellezza ed essere il capo di s\u00e9 stessi.<\/p>\n<p>Per avere tutto questo per\u00f2 <strong>\u00e8 necessario aprire la partita IVA<\/strong>.<\/p>\n<p>Come si fa?&nbsp;Come funziona?<\/p>\n<p>In questo articolo ci sono tutte le informazioni necessarie per fare questo passo importante per il proprio business, dai <b>costi<\/b>, al <b>codice ATECO<\/b>, le <b>Agenzie delle Entrate<\/b> e molto altro.<\/p>\n<p>Perch\u00e8 diventare parrucchiere?<\/p>\n<p>Quello del parrucchiere \u00e8 uno dei mestieri che viene sottovalutato pi\u00f9 di tutti. Eppure basterebbe fermarsi e pensare a quanto ci impiega una persona a trovare il suo parrucchiere di fiducia per<strong> capire la difficolt\u00e0 di questa professione<\/strong>.<\/p>\n<p>Per diventare parrucchieri non \u00e8 sufficiente saper tenere in mano un paio di forbici e tagliare capelli.<\/p>\n<p>In ogni salone di bellezza che si rispetti, infatti, oltre agli attrezzi del mestiere, \u00e8 possibile ammirare sulle pareti attestati e riconoscimenti.<\/p>\n<p>Lo <b>studio<\/b> \u00e8 un fattore fondamentale per diventare parrucchieri. Non si tratta solamente di imparare a maneggiare i vari strumenti, ma si imparano concetti legati alla chimica e la biologia. Giusto per fare qualche esempio.<\/p>\n<p>Lo step decisivo \u00e8 quello di frequentare una scuola di formazione ed essere in grado di conseguire l\u2019attestato di qualifica professionale.<\/p>\n<figure class=\"wp-block-image size-large\"><img decoding=\"async\" width=\"1024\" height=\"684\" src=\"https:\/\/www.treatwell.it/partners\/wp-content\/uploads\/sites\/15\/2020\/03\/parrucchiere-salone-piega-donna-1024x684.jpg\" alt=\"foto parrucchiere piega donna e cliente\" class=\"wp-image-3182\" srcset=\"https:\/\/www.treatwell.it/partners\/wp-content\/uploads\/sites\/15\/2020\/03\/parrucchiere-salone-piega-donna-1024x684.jpg 1024w, https:\/\/www.treatwell.it/partners\/wp-content\/uploads\/sites\/15\/2020\/03\/parrucchiere-salone-piega-donna-300x200.jpg 300w, https:\/\/www.treatwell.it/partners\/wp-content\/uploads\/sites\/15\/2020\/03\/parrucchiere-salone-piega-donna-768x513.jpg 768w, https:\/\/www.treatwell.it/partners\/wp-content\/uploads\/sites\/15\/2020\/03\/parrucchiere-salone-piega-donna-1536x1025.jpg 1536w, https:\/\/www.treatwell.it/partners\/wp-content\/uploads\/sites\/15\/2020\/03\/parrucchiere-salone-piega-donna-2048x1367.jpg 2048w\" sizes=\"(max-width: 1024px) 100vw, 1024px\" \/><\/figure>\n<p>Questo attestato \u00e8 il foglio di carta indispensabile per qualsiasi parrucchiere, indipendentemente dal fatto che voglia lavorare per qualcuno o in proprio.<\/p>\n<p>Nel secondo caso c\u2019\u00e8 un\u2019altra condizione necessaria, la partita IVA.<\/p>\n<p>Cos&#8217;\u00e8 la partita IVA<\/p>\n<p>Prima di scoprire cosa deve fare un parrucchiere per aprire la partita IVA, \u00e8 bene spiegare cosa significano queste tre lettere.<\/p>\n<p>Per <b>partita IVA<\/b> si intende un numero composto da 11 cifre che permette di identificare il contribuente. Questo pu\u00f2 essere sia un singolo individuo che una societ\u00e0 titolare della partita IVA.<\/p>\n<p>L\u2019acronimo sta per \u201c<b>imposta di valore aggiunta<\/b>\u201d, ovvero un\u2019imposta che viene applicata sulla vendita di beni o di servizi.<\/p>\n<p>Le prime sette cifre del numero fanno riferimento al nome del titolare, le tre successive invece sono un codice che permette di identificare l\u2019Ufficio delle Entrate, mentre l\u2019ultima cifra svolge una funzione di controllo.<\/p>\n<h2 class=\"wp-block-heading\">La partita IVA per parrucchieri ed estetiste<\/h2>\n<p>Nel momento in cui un parrucchiere decide di mettersi in proprio, \u00e8 tenuto a mettere in regola la sua posizione<a href=\"https:\/\/www.treatwell.it/partners\/risorse\/blog\/costi-fisco-parrucchieri\/\"> <b>fiscale<\/b><\/a>.<\/p>\n<p>Per fare questo \u00e8 necessario <b>aprire la partita IVA<\/b>. Non \u00e8 assolutamente possibile invece adottare il sistema della prestazione occasionale: la partita IVA \u00e8 obbligatoria.<\/p>\n<p>Sono <b>quattro i passaggi che bisogna seguire per regolare la propria situazione fiscale<\/b>.<\/p>\n<h3 class=\"wp-block-heading\">1. L\u2019Agenzia delle Entrate<\/h3>\n<p>A meno che non si abbia gi\u00e0 una grossa esperienza nel settore del commercio, \u00e8 bene che ci si rivolga a delle figure appropriate per farsi aiutare a compiere questo passo.<\/p>\n<p>La prima cosa da fare \u00e8 dare via alla<a href=\"http:\/\/www.registroimprese.it\/journal\/comunicazione-unica-d-impresa\"> procedura comUnica<\/a>, che permette di avvertire gli enti in questione, come la Camera di Commercio, l\u2019INPS artigiani e cos\u00ec via.<\/p>\n<p>In queste fasi iniziali la consulenza \u00e8 fondamentale, perch\u00e9 ci sono decisioni importanti da prendere e sulle quali \u00e8 normale non avere una grossa conoscenza.<\/p>\n<h3 class=\"wp-block-heading\">2. Codice ATECO<\/h3>\n<p>Non tutti i mestieri sono uguali e quindi a ogni professione viene dato un codice specifico. Il codice che un parrucchiere deve utilizzare \u00e8 96.02.01, che fa riferimento ai servizi dei saloni di barbiere e parrucchiere.<\/p>\n<p>Questo codice si chiama <b>ATECO<\/b> e permette al parrucchiere di lavorare a domicilio oppure di potersi aprire il proprio salone.<\/p>\n<h3 class=\"wp-block-heading\">3. Regime Fiscale<\/h3>\n<p>Per regime fiscale si intende semplicemente l\u2019ammontare delle imposte che il proprietario di una partita IVA deve pagare annualmente.<\/p>\n<p>C\u2019\u00e8 una possibilit\u00e0 molto vantaggiosa per non pagare una quantit\u00e0 enorme di tasse, soprattutto per coloro che hanno appena iniziato a svolgere la professione di parrucchiere. Questa possibilit\u00e0 si chiama <b>regime forfettario<\/b>.<\/p>\n<p>Questo regime fa riferimento a quelle partite IVA che che hanno annualmente non fatturano pi\u00f9 di 65mila euro. Un\u2019altra condizione per poterlo utilizzare \u00e8 di essere residenti in una localit\u00e0 italiana oppure svolgere l\u2019attivit\u00e0 sul territorio italiano per almeno il 70% del fatturato totale.<\/p>\n<p>Questo permette al parrucchiere di pagare <b>un\u2019unica imposta sostituiva<\/b> all\u2019anno, che equivale soltanto il 15% sul reddito imponibile.<\/p>\n<p>Non \u00e8 tutto qui, il regime forfettario comporta altri benefici, come per esempio la possibilit\u00e0 di non dover registrare le fatture e di non operare all\u2019interno del campo dove viene applicata l\u2019IVA.<\/p>\n<p>Cosa significa questo ultimo vantaggio? Significa che un parrucchiere in regime forfettario<b> non deve aggiungere il 22% di IVA<\/b> sulle proprie fatture e quindi ha la possibilit\u00e0 di potersi avvantaggiare nei confronti della concorrenza, mantenendo dei prezzi pi\u00f9 accessibili e<a href=\"https:\/\/www.treatwell.it/partners\/risorse\/blog\/massimizzare-fatturato-salone\/\"> massimizzando cos\u00ec i profitti<\/a>.<\/p>\n<h3 class=\"wp-block-heading\">4. INPS e contributi<\/h3>\n<p>L\u2019ultimo tassello del lavoro in proprio riguarda i contributi per la <b>pensione<\/b>.<\/p>\n<p>La professione di parrucchiere \u00e8 infatti inserita nelle attivit\u00e0 artigianali e quindi \u00e8 necessario iscriversi nella categoria <b>Gestione Commercianti e Artigiani<\/b> all\u2019INPS.<\/p>\n<p>I contributi che un parrucchiere \u00e8 tenuto a pagare durante la sua carriera lavorativa si suddividono in due:<\/p>\n<ul class=\"wp-block-list\">\n<li><b>Contributi fissi<\/b>: questi si versano su una soglia di reddito minimo che viene determinata ogni anno. Per gli under 21 l\u2019aliquota \u00e8 del 21,45%, mentre per gli altri \u00e8 del 24%.<\/li>\n<li><b>Contributi a percentuale<\/b>: questi vengono calcolati prendendo in considerazione la quantit\u00e0 di reddito che supera la quota minima. Le percentuali sono identiche a quelle dei contributi fissi.<\/li>\n<\/ul>\n<p>Anche in questo caso ci sono dei vantaggi per coloro che si trovano a regime forfettario. Infatti un parrucchiere in questa situazione ha la possibilit\u00e0 di richiedere all\u2019INPS una <b>riduzione del 35% su entrambi i contributi<\/b>.<\/p>\n<h2 class=\"wp-block-heading\">Costi e obblighi della partita IVA per parrucchieri<\/h2>\n<p>Essere proprietario di una partita IVA comporta degli obblighi, principalmente due: <b>la dichiarazione dei redditi e le imposte INPS<\/b>.<\/p>\n<p>La <b>dichiarazione dei redditi<\/b>, come si capisce gi\u00e0 dal nome, \u00e8 una dichiarazione dell\u2019interessato sulla quantit\u00e0 di reddito che ha guadagnato durante l\u2019anno. Questa deve essere presentata ogni anno e il tempo di consegna \u00e8 all\u2019inizio dell\u2019estate.<\/p>\n<p>Anche<b> le imposte e i contributi INPS<\/b> devono essere pagati ogni anno. Si dividono in due categorie:<\/p>\n<ul class=\"wp-block-list\">\n<li><b>Imposta sostitutiva<\/b>: 5 o 15% del reddito imponibile<\/li>\n<li><b>Contributi minimi a percentuale:<\/b> dal 21 al 24%.<\/li>\n<\/ul>\n<p>Un altro costo che ogni parrucchiere \u00e8 tenuto a pagare \u00e8 l\u2019<b>INAIL<\/b>, ovvero l\u2019assicurazione sul lavoro. La quota \u00e8 di circa 100 euro ogni anno.<\/p>\n<h2 class=\"wp-block-heading\">Quali sono i requisiti per aprire la partita IVA?<\/h2>\n<p>Naturalmente non basta aver concluso i propri studi ed essere in grado di svolgere la professione per poter aprire una partita IVA.<\/p>\n<p>Siccome il parrucchiere viene considerato un artigiano, ci sono alcuni requisiti di questa categoria che bisogna rispettare:<\/p>\n<ul class=\"wp-block-list\">\n<li>Avere la maggiore et\u00e0<\/li>\n<li>Essere titolari di una sola impresa<\/li>\n<li>L\u2019attivit\u00e0 deve essere prevalente<\/li>\n<li>Bisogna assumersi la piena responsabilit\u00e0, rispettando oneri e rischi<\/li>\n<li>Il lavoro deve essere svolto in modo abituale e prevalente<\/li>\n<li>Rispettare i limiti dimensionali in base alla produzione.<\/li>\n<\/ul>\n<p>Aprire la partita IVA per un parrucchiere che vuole iniziare a svolgere la professione \u00e8 un passo obbligatorio.<\/p>\n<p>Nonostante la prassi non sia delle pi\u00f9 semplici, <b>il consiglio \u00e8 quello di rivolgersi sempre a qualcuno preparato in materia<\/b> e non pensare di poter fare tutto da soli.<\/p>\n<p>Un altro consiglio da tenere sempre in considerazione \u00e8 il regime forfettario. L\u2019inizio di carriera in un ambito lavorativo come per questo pu\u00f2 non essere semplice e pagare meno contributi \u00e8 sicuramente un vantaggio da non lasciarsi scappare.<\/p>\n<p>Attraverso il<a href=\"\/soluzioni\/gestionale-parrucchieri\/\" class=\"ek-link\"> gestionale Treatwell Pro<\/a>, tenere la contabilit\u00e0 del proprio salone \u00e8 un gioco da ragazzi.<\/p>\n<p>Con il nostro software gestionale, infatti, oltre ad avere la piena organizzazione dei clienti, dello staff o delle giacenze in magazzino, \u00e8 possibile tenere conto delle entrate e delle uscite dell&#8217;azienda, stampare le ricevute fiscali con facilit\u00e0.<\/p>\n<p>Dal gestionale Treatwell Pro, inoltre, si possono creare fatture elettroniche da inviare al commercialista le fatture elettroniche grazie all\u2019integrazione del gestionale con Fatture in Cloud.<\/p>\n<p>Scegliere Treatwell significa entrare a far parte di una community di <b>artigiani della bellezza visionari<\/b>, che vivono il proprio business con lo sguardo sempre rivolto verso il futuro.<\/p>\n<p>Che ne dici, vuoi provare il nostro gestionale?<\/p>\n<div class=\"schema-faq wp-block-yoast-faq-block\">\n<div class=\"schema-faq-section\" id=\"faq-question-1771173460512\">\n<h3 class=\"schema-faq-question\">Quali sono i requisiti necessari per aprire la partita IVA come parrucchiere?<\/h3>\n<p class=\"schema-faq-answer\">Per aprire la partita IVA come parrucchiere, devi avere la maggiore et\u00e0, essere titolare di una sola impresa e garantire che la tua attivit\u00e0 sia prevalente. Gestisci la tua impresa assumendoti oneri e rischi, svolgendo il lavoro abitualmente e rispettando i limiti dimensionali previsti per la categoria.<\/div>\n<div class=\"schema-faq-section\" id=\"faq-question-1771173460513\">\n<h3 class=\"schema-faq-question\">Come si calcolano le imposte e i contributi dovuti con partita IVA nel settore parrucchieri?<\/h3>\n<p class=\"schema-faq-answer\">Puoi calcolare le imposte scegliendo il regime forfettario se rispetti i limiti di fatturato, pagando un\u2019imposta sostitutiva pari al 15% sul reddito imponibile. Gestisci i tuoi contributi INPS applicando le aliquote tra il 21% e il 24%, con possibilit\u00e0 di ridurre la quota del 35% se in regime forfettario.<\/div>\n<div class=\"schema-faq-section\" id=\"faq-question-1771173460514\">\n<h3 class=\"schema-faq-question\">Qual \u00e8 il codice ATECO corretto per l\u2019attivit\u00e0 di parrucchiere?<\/h3>\n<p class=\"schema-faq-answer\">Devi utilizzare il codice ATECO 96.02.01 per l\u2019apertura della partita IVA come parrucchiere. Questo codice identifica i servizi di saloni di barbiere e parrucchiere, essenziale per svolgere regolarmente l\u2019attivit\u00e0, sia a domicilio sia all\u2019interno del tuo salone.<\/div>\n<div class=\"schema-faq-section\" id=\"faq-question-1771173460515\">\n<h3 class=\"schema-faq-question\">Cosa comporta aderire al regime forfettario per i parrucchieri?<\/h3>\n<p class=\"schema-faq-answer\">Aderendo al regime forfettario puoi pagare un\u2019imposta sostitutiva del 15% ed evitare l\u2019applicazione del 22% di IVA sulle fatture. Cos\u00ec puoi offrire prezzi pi\u00f9 competitivi, facilitare la gestione della contabilit\u00e0 e richiedere una riduzione del 35% sui contributi INPS dovuti.<\/div>\n<div class=\"schema-faq-section\" id=\"faq-question-1771173460516\">\n<h3 class=\"schema-faq-question\">Quali sono gli obblighi periodici da rispettare con la partita IVA da parrucchiere?<\/h3>\n<p class=\"schema-faq-answer\">Devi presentare ogni anno la dichiarazione dei redditi e versare le relative imposte e contributi INPS. Gestisci anche il pagamento dell\u2019assicurazione INAIL, con un costo annuale di circa 100 euro, per garantire la piena regolarit\u00e0 della tua attivit\u00e0.<\/div>\n<\/p><\/div>\n","protected":false},"excerpt":{"rendered":"<p>&#8220;Aprire la partita IVA per un parrucchiere che vuole iniziare a svolgere la professione \u00e8 un passo obbligatorio. Ecco allora tutte le informazioni a riguardo&#8221; Quella del parrucchiere \u00e8 una di quelle professioni che d\u00e0 la possibilit\u00e0 di lavorare in proprio, avere il proprio salone di bellezza ed essere il capo di s\u00e9 stessi. Per [&hellip;]<\/p>\n","protected":false},"author":50,"featured_media":3183,"template":"","meta":{"_acf_changed":false,"_yoast_wpseo_title":"Partita IVA Parrucchiere: Guida Completa per Saloni","_yoast_wpseo_metadesc":"Come aprire e gestire la partita IVA per saloni di bellezza. Vantaggi fiscali, gestione dei contributi e strumenti per ottimizzare la tua attivit\u00e0 e fatturato.","_editorskit_title_hidden":false,"_editorskit_reading_time":0,"_editorskit_is_block_options_detached":false,"_editorskit_block_options_position":"{}","saswp_custom_schema_field":"{\"@context\":\"https:\/\/schema.org\",\"@type\":\"FAQPage\",\"mainEntity\":[{\"@type\":\"Question\",\"name\":\"Quali sono i requisiti necessari per aprire la partita IVA come parrucchiere?\",\"acceptedAnswer\":{\"@type\":\"Answer\",\"text\":\"Per aprire la partita IVA come parrucchiere, devi avere la maggiore et\u00e0, essere titolare di una sola impresa e garantire che la tua attivit\u00e0 sia prevalente. Gestisci la tua impresa assumendoti oneri e rischi, svolgendo il lavoro abitualmente e rispettando i limiti dimensionali previsti per la categoria.\"}},{\"@type\":\"Question\",\"name\":\"Come si calcolano le imposte e i contributi dovuti con partita IVA nel settore parrucchieri?\",\"acceptedAnswer\":{\"@type\":\"Answer\",\"text\":\"Puoi calcolare le imposte scegliendo il regime forfettario se rispetti i limiti di fatturato, pagando un\u2019imposta sostitutiva pari al 15% sul reddito imponibile. Gestisci i tuoi contributi INPS applicando le aliquote tra il 21% e il 24%, con possibilit\u00e0 di ridurre la quota del 35% se in regime forfettario.\"}},{\"@type\":\"Question\",\"name\":\"Qual \u00e8 il codice ATECO corretto per l\u2019attivit\u00e0 di parrucchiere?\",\"acceptedAnswer\":{\"@type\":\"Answer\",\"text\":\"Devi utilizzare il codice ATECO 96.02.01 per l\u2019apertura della partita IVA come parrucchiere. Questo codice identifica i servizi di saloni di barbiere e parrucchiere, essenziale per svolgere regolarmente l\u2019attivit\u00e0, sia a domicilio sia all\u2019interno del tuo salone.\"}},{\"@type\":\"Question\",\"name\":\"Cosa comporta aderire al regime forfettario per i parrucchieri?\",\"acceptedAnswer\":{\"@type\":\"Answer\",\"text\":\"Aderendo al regime forfettario puoi pagare un\u2019imposta sostitutiva del 15% ed evitare l\u2019applicazione del 22% di IVA sulle fatture. Cos\u00ec puoi offrire prezzi pi\u00f9 competitivi, facilitare la gestione della contabilit\u00e0 e richiedere una riduzione del 35% sui contributi INPS dovuti.\"}},{\"@type\":\"Question\",\"name\":\"Quali sono gli obblighi periodici da rispettare con la partita IVA da parrucchiere?\",\"acceptedAnswer\":{\"@type\":\"Answer\",\"text\":\"Devi presentare ogni anno la dichiarazione dei redditi e versare le relative imposte e contributi INPS. Gestisci anche il pagamento dell\u2019assicurazione INAIL, con un costo annuale di circa 100 euro, per garantire la piena regolarit\u00e0 della tua attivit\u00e0.\"}}]}"},"categories":[1],"tags":[],"target-audience":[],"class_list":["post-2909","blog","type-blog","status-publish","has-post-thumbnail","hentry","category-uncategorized"],"acf":[],"yoast_head":"<!-- This site is optimized with the Yoast SEO plugin v27.4 - https:\/\/yoast.com\/product\/yoast-seo-wordpress\/ -->\n<title>Partita IVA Parrucchiere: Guida Completa per Saloni<\/title>\n<meta name=\"description\" content=\"Come aprire e gestire la partita IVA per saloni di bellezza. Vantaggi fiscali, gestione dei contributi e strumenti per ottimizzare la tua attivit\u00e0 e fatturato.\" \/>\n<meta name=\"robots\" content=\"index, follow, max-snippet:-1, max-image-preview:large, max-video-preview:-1\" \/>\n<link rel=\"canonical\" href=\"https:\/\/www.treatwell.it/partners\/risorse\/blog\/partita-iva-parrucchieri\/\" \/>\n<meta property=\"og:locale\" content=\"it_IT\" \/>\n<meta property=\"og:type\" content=\"article\" \/>\n<meta property=\"og:title\" content=\"Partita IVA Parrucchiere: Guida Completa per Saloni\" \/>\n<meta property=\"og:description\" content=\"Come aprire e gestire la partita IVA per saloni di bellezza. Vantaggi fiscali, gestione dei contributi e strumenti per ottimizzare la tua attivit\u00e0 e fatturato.\" \/>\n<meta property=\"og:url\" content=\"https:\/\/www.treatwell.it/partners\/risorse\/blog\/partita-iva-parrucchieri\/\" \/>\n<meta property=\"og:site_name\" content=\"Treatwell Business\" \/>\n<meta property=\"article:modified_time\" content=\"2026-02-15T16:39:14+00:00\" \/>\n<meta property=\"og:image\" content=\"https:\/\/www.treatwell.it/partners\/wp-content\/uploads\/sites\/15\/2020\/03\/Taglio-donna-scaled.jpg\" \/>\n\t<meta property=\"og:image:width\" content=\"2560\" \/>\n\t<meta property=\"og:image:height\" content=\"1707\" \/>\n\t<meta property=\"og:image:type\" content=\"image\/jpeg\" \/>\n<meta name=\"twitter:card\" content=\"summary_large_image\" \/>\n<meta name=\"twitter:label1\" content=\"Tempo di lettura stimato\" \/>\n\t<meta name=\"twitter:data1\" content=\"8 minuti\" \/>\n<script type=\"application\/ld+json\" class=\"yoast-schema-graph\">{\"@context\":\"https:\\\/\\\/schema.org\",\"@graph\":[{\"@type\":\"Article\",\"@id\":\"https:\\\/\\\/www.treatwell.it/partners\\\/risorse\\\/blog\\\/partita-iva-parrucchieri\\\/#article\",\"isPartOf\":{\"@id\":\"https:\\\/\\\/www.treatwell.it/partners\\\/risorse\\\/blog\\\/partita-iva-parrucchieri\\\/\"},\"author\":{\"name\":\"Beth Ryan\",\"@id\":\"https:\\\/\\\/www.treatwell.it/partners\\\/#\\\/schema\\\/person\\\/6960e93c537181ca1be516e802450be1\"},\"headline\":\"IVA parrucchieri: costi, obblighi e requisiti\",\"datePublished\":\"2020-03-20T09:36:34+00:00\",\"dateModified\":\"2026-02-15T16:39:14+00:00\",\"mainEntityOfPage\":{\"@id\":\"https:\\\/\\\/www.treatwell.it/partners\\\/risorse\\\/blog\\\/partita-iva-parrucchieri\\\/\"},\"wordCount\":1592,\"publisher\":{\"@id\":\"https:\\\/\\\/www.treatwell.it/partners\\\/#organization\"},\"image\":{\"@id\":\"https:\\\/\\\/www.treatwell.it/partners\\\/risorse\\\/blog\\\/partita-iva-parrucchieri\\\/#primaryimage\"},\"thumbnailUrl\":\"https:\\\/\\\/www.treatwell.it/partners\\\/wp-content\\\/uploads\\\/sites\\\/15\\\/2020\\\/03\\\/Taglio-donna-scaled.jpg\",\"articleSection\":[\"Uncategorized\"],\"inLanguage\":\"it-IT\"},{\"@type\":\"WebPage\",\"@id\":\"https:\\\/\\\/www.treatwell.it/partners\\\/risorse\\\/blog\\\/partita-iva-parrucchieri\\\/\",\"url\":\"https:\\\/\\\/www.treatwell.it/partners\\\/risorse\\\/blog\\\/partita-iva-parrucchieri\\\/\",\"name\":\"Partita IVA Parrucchiere: Guida Completa per Saloni\",\"isPartOf\":{\"@id\":\"https:\\\/\\\/www.treatwell.it/partners\\\/#website\"},\"primaryImageOfPage\":{\"@id\":\"https:\\\/\\\/www.treatwell.it/partners\\\/risorse\\\/blog\\\/partita-iva-parrucchieri\\\/#primaryimage\"},\"image\":{\"@id\":\"https:\\\/\\\/www.treatwell.it/partners\\\/risorse\\\/blog\\\/partita-iva-parrucchieri\\\/#primaryimage\"},\"thumbnailUrl\":\"https:\\\/\\\/www.treatwell.it/partners\\\/wp-content\\\/uploads\\\/sites\\\/15\\\/2020\\\/03\\\/Taglio-donna-scaled.jpg\",\"datePublished\":\"2020-03-20T09:36:34+00:00\",\"dateModified\":\"2026-02-15T16:39:14+00:00\",\"description\":\"Come aprire e gestire la partita IVA per saloni di bellezza. Vantaggi fiscali, gestione dei contributi e strumenti per ottimizzare la tua attivit\u00e0 e fatturato.\",\"breadcrumb\":{\"@id\":\"https:\\\/\\\/www.treatwell.it/partners\\\/risorse\\\/blog\\\/partita-iva-parrucchieri\\\/#breadcrumb\"},\"inLanguage\":\"it-IT\",\"potentialAction\":[{\"@type\":\"ReadAction\",\"target\":[\"https:\\\/\\\/www.treatwell.it/partners\\\/risorse\\\/blog\\\/partita-iva-parrucchieri\\\/\"]}]},{\"@type\":\"ImageObject\",\"inLanguage\":\"it-IT\",\"@id\":\"https:\\\/\\\/www.treatwell.it/partners\\\/risorse\\\/blog\\\/partita-iva-parrucchieri\\\/#primaryimage\",\"url\":\"https:\\\/\\\/www.treatwell.it/partners\\\/wp-content\\\/uploads\\\/sites\\\/15\\\/2020\\\/03\\\/Taglio-donna-scaled.jpg\",\"contentUrl\":\"https:\\\/\\\/www.treatwell.it/partners\\\/wp-content\\\/uploads\\\/sites\\\/15\\\/2020\\\/03\\\/Taglio-donna-scaled.jpg\",\"width\":2560,\"height\":1707,\"caption\":\"immagine taglio donna parrucchiere\"},{\"@type\":\"BreadcrumbList\",\"@id\":\"https:\\\/\\\/www.treatwell.it/partners\\\/risorse\\\/blog\\\/partita-iva-parrucchieri\\\/#breadcrumb\",\"itemListElement\":[{\"@type\":\"ListItem\",\"position\":1,\"name\":\"Home\",\"item\":\"https:\\\/\\\/www.treatwell.it/partners\\\/\"},{\"@type\":\"ListItem\",\"position\":2,\"name\":\"Blog\",\"item\":\"https:\\\/\\\/www.treatwell.it/partners\\\/risorse\\\/blog\\\/\"},{\"@type\":\"ListItem\",\"position\":3,\"name\":\"Uncategorized\",\"item\":\"https:\\\/\\\/www.treatwell.it/partners\\\/category\\\/uncategorized\\\/\"},{\"@type\":\"ListItem\",\"position\":4,\"name\":\"IVA parrucchieri: costi, obblighi e requisiti\"}]},{\"@type\":\"WebSite\",\"@id\":\"https:\\\/\\\/www.treatwell.it/partners\\\/#website\",\"url\":\"https:\\\/\\\/www.treatwell.it/partners\\\/\",\"name\":\"Treatwell Business\",\"description\":\"\",\"publisher\":{\"@id\":\"https:\\\/\\\/www.treatwell.it/partners\\\/#organization\"},\"potentialAction\":[{\"@type\":\"SearchAction\",\"target\":{\"@type\":\"EntryPoint\",\"urlTemplate\":\"https:\\\/\\\/www.treatwell.it/partners\\\/?s={search_term_string}\"},\"query-input\":{\"@type\":\"PropertyValueSpecification\",\"valueRequired\":true,\"valueName\":\"search_term_string\"}}],\"inLanguage\":\"it-IT\"},{\"@type\":\"Organization\",\"@id\":\"https:\\\/\\\/www.treatwell.it/partners\\\/#organization\",\"name\":\"Treatwell\",\"url\":\"https:\\\/\\\/www.treatwell.it/partners\\\/\",\"logo\":{\"@type\":\"ImageObject\",\"inLanguage\":\"it-IT\",\"@id\":\"https:\\\/\\\/www.treatwell.it/partners\\\/#\\\/schema\\\/logo\\\/image\\\/\",\"url\":\"https:\\\/\\\/www.treatwell.it/partners\\\/wp-content\\\/uploads\\\/sites\\\/15\\\/2020\\\/04\\\/treatwell-logotype-navy-rgb@2x.png\",\"contentUrl\":\"https:\\\/\\\/www.treatwell.it/partners\\\/wp-content\\\/uploads\\\/sites\\\/15\\\/2020\\\/04\\\/treatwell-logotype-navy-rgb@2x.png\",\"width\":302,\"height\":56,\"caption\":\"Treatwell\"},\"image\":{\"@id\":\"https:\\\/\\\/www.treatwell.it/partners\\\/#\\\/schema\\\/logo\\\/image\\\/\"}},{\"@type\":\"Person\",\"@id\":\"https:\\\/\\\/www.treatwell.it/partners\\\/#\\\/schema\\\/person\\\/6960e93c537181ca1be516e802450be1\",\"name\":\"Beth Ryan\",\"image\":{\"@type\":\"ImageObject\",\"inLanguage\":\"it-IT\",\"@id\":\"https:\\\/\\\/secure.gravatar.com\\\/avatar\\\/93502c3b0591e62d75cc697ff3b5b8f47fef521e9dd0d61feb5570ae6d459200?s=96&d=mm&r=g\",\"url\":\"https:\\\/\\\/secure.gravatar.com\\\/avatar\\\/93502c3b0591e62d75cc697ff3b5b8f47fef521e9dd0d61feb5570ae6d459200?s=96&d=mm&r=g\",\"contentUrl\":\"https:\\\/\\\/secure.gravatar.com\\\/avatar\\\/93502c3b0591e62d75cc697ff3b5b8f47fef521e9dd0d61feb5570ae6d459200?s=96&d=mm&r=g\",\"caption\":\"Beth Ryan\"},\"url\":\"https:\\\/\\\/www.treatwell.it/partners\\\/author\\\/bethany-ryantreatwell-com\\\/\"}]}<\/script>\n<!-- \/ Yoast SEO plugin. -->","yoast_head_json":{"title":"Partita IVA Parrucchiere: Guida Completa per Saloni","description":"Come aprire e gestire la partita IVA per saloni di bellezza. Vantaggi fiscali, gestione dei contributi e strumenti per ottimizzare la tua attivit\u00e0 e fatturato.","robots":{"index":"index","follow":"follow","max-snippet":"max-snippet:-1","max-image-preview":"max-image-preview:large","max-video-preview":"max-video-preview:-1"},"canonical":"https:\/\/www.treatwell.it/partners\/risorse\/blog\/partita-iva-parrucchieri\/","og_locale":"it_IT","og_type":"article","og_title":"Partita IVA Parrucchiere: Guida Completa per Saloni","og_description":"Come aprire e gestire la partita IVA per saloni di bellezza. Vantaggi fiscali, gestione dei contributi e strumenti per ottimizzare la tua attivit\u00e0 e fatturato.","og_url":"https:\/\/www.treatwell.it/partners\/risorse\/blog\/partita-iva-parrucchieri\/","og_site_name":"Treatwell Business","article_modified_time":"2026-02-15T16:39:14+00:00","og_image":[{"width":2560,"height":1707,"url":"https:\/\/www.treatwell.it/partners\/wp-content\/uploads\/sites\/15\/2020\/03\/Taglio-donna-scaled.jpg","type":"image\/jpeg"}],"twitter_card":"summary_large_image","twitter_misc":{"Tempo di lettura stimato":"8 minuti"},"schema":{"@context":"https:\/\/schema.org","@graph":[{"@type":"Article","@id":"https:\/\/www.treatwell.it/partners\/risorse\/blog\/partita-iva-parrucchieri\/#article","isPartOf":{"@id":"https:\/\/www.treatwell.it/partners\/risorse\/blog\/partita-iva-parrucchieri\/"},"author":{"name":"Beth Ryan","@id":"https:\/\/www.treatwell.it/partners\/#\/schema\/person\/6960e93c537181ca1be516e802450be1"},"headline":"IVA parrucchieri: costi, obblighi e requisiti","datePublished":"2020-03-20T09:36:34+00:00","dateModified":"2026-02-15T16:39:14+00:00","mainEntityOfPage":{"@id":"https:\/\/www.treatwell.it/partners\/risorse\/blog\/partita-iva-parrucchieri\/"},"wordCount":1592,"publisher":{"@id":"https:\/\/www.treatwell.it/partners\/#organization"},"image":{"@id":"https:\/\/www.treatwell.it/partners\/risorse\/blog\/partita-iva-parrucchieri\/#primaryimage"},"thumbnailUrl":"https:\/\/www.treatwell.it/partners\/wp-content\/uploads\/sites\/15\/2020\/03\/Taglio-donna-scaled.jpg","articleSection":["Uncategorized"],"inLanguage":"it-IT"},{"@type":"WebPage","@id":"https:\/\/www.treatwell.it/partners\/risorse\/blog\/partita-iva-parrucchieri\/","url":"https:\/\/www.treatwell.it/partners\/risorse\/blog\/partita-iva-parrucchieri\/","name":"Partita IVA Parrucchiere: Guida Completa per Saloni","isPartOf":{"@id":"https:\/\/www.treatwell.it/partners\/#website"},"primaryImageOfPage":{"@id":"https:\/\/www.treatwell.it/partners\/risorse\/blog\/partita-iva-parrucchieri\/#primaryimage"},"image":{"@id":"https:\/\/www.treatwell.it/partners\/risorse\/blog\/partita-iva-parrucchieri\/#primaryimage"},"thumbnailUrl":"https:\/\/www.treatwell.it/partners\/wp-content\/uploads\/sites\/15\/2020\/03\/Taglio-donna-scaled.jpg","datePublished":"2020-03-20T09:36:34+00:00","dateModified":"2026-02-15T16:39:14+00:00","description":"Come aprire e gestire la partita IVA per saloni di bellezza. Vantaggi fiscali, gestione dei contributi e strumenti per ottimizzare la tua attivit\u00e0 e fatturato.","breadcrumb":{"@id":"https:\/\/www.treatwell.it/partners\/risorse\/blog\/partita-iva-parrucchieri\/#breadcrumb"},"inLanguage":"it-IT","potentialAction":[{"@type":"ReadAction","target":["https:\/\/www.treatwell.it/partners\/risorse\/blog\/partita-iva-parrucchieri\/"]}]},{"@type":"ImageObject","inLanguage":"it-IT","@id":"https:\/\/www.treatwell.it/partners\/risorse\/blog\/partita-iva-parrucchieri\/#primaryimage","url":"https:\/\/www.treatwell.it/partners\/wp-content\/uploads\/sites\/15\/2020\/03\/Taglio-donna-scaled.jpg","contentUrl":"https:\/\/www.treatwell.it/partners\/wp-content\/uploads\/sites\/15\/2020\/03\/Taglio-donna-scaled.jpg","width":2560,"height":1707,"caption":"immagine taglio donna parrucchiere"},{"@type":"BreadcrumbList","@id":"https:\/\/www.treatwell.it/partners\/risorse\/blog\/partita-iva-parrucchieri\/#breadcrumb","itemListElement":[{"@type":"ListItem","position":1,"name":"Home","item":"https:\/\/www.treatwell.it/partners\/"},{"@type":"ListItem","position":2,"name":"Blog","item":"https:\/\/www.treatwell.it/partners\/risorse\/blog\/"},{"@type":"ListItem","position":3,"name":"Uncategorized","item":"https:\/\/www.treatwell.it/partners\/category\/uncategorized\/"},{"@type":"ListItem","position":4,"name":"IVA parrucchieri: costi, obblighi e requisiti"}]},{"@type":"WebSite","@id":"https:\/\/www.treatwell.it/partners\/#website","url":"https:\/\/www.treatwell.it/partners\/","name":"Treatwell Business","description":"","publisher":{"@id":"https:\/\/www.treatwell.it/partners\/#organization"},"potentialAction":[{"@type":"SearchAction","target":{"@type":"EntryPoint","urlTemplate":"https:\/\/www.treatwell.it/partners\/?s={search_term_string}"},"query-input":{"@type":"PropertyValueSpecification","valueRequired":true,"valueName":"search_term_string"}}],"inLanguage":"it-IT"},{"@type":"Organization","@id":"https:\/\/www.treatwell.it/partners\/#organization","name":"Treatwell","url":"https:\/\/www.treatwell.it/partners\/","logo":{"@type":"ImageObject","inLanguage":"it-IT","@id":"https:\/\/www.treatwell.it/partners\/#\/schema\/logo\/image\/","url":"https:\/\/www.treatwell.it/partners\/wp-content\/uploads\/sites\/15\/2020\/04\/treatwell-logotype-navy-rgb@2x.png","contentUrl":"https:\/\/www.treatwell.it/partners\/wp-content\/uploads\/sites\/15\/2020\/04\/treatwell-logotype-navy-rgb@2x.png","width":302,"height":56,"caption":"Treatwell"},"image":{"@id":"https:\/\/www.treatwell.it/partners\/#\/schema\/logo\/image\/"}},{"@type":"Person","@id":"https:\/\/www.treatwell.it/partners\/#\/schema\/person\/6960e93c537181ca1be516e802450be1","name":"Beth Ryan","image":{"@type":"ImageObject","inLanguage":"it-IT","@id":"https:\/\/secure.gravatar.com\/avatar\/93502c3b0591e62d75cc697ff3b5b8f47fef521e9dd0d61feb5570ae6d459200?s=96&d=mm&r=g","url":"https:\/\/secure.gravatar.com\/avatar\/93502c3b0591e62d75cc697ff3b5b8f47fef521e9dd0d61feb5570ae6d459200?s=96&d=mm&r=g","contentUrl":"https:\/\/secure.gravatar.com\/avatar\/93502c3b0591e62d75cc697ff3b5b8f47fef521e9dd0d61feb5570ae6d459200?s=96&d=mm&r=g","caption":"Beth Ryan"},"url":"https:\/\/www.treatwell.it/partners\/author\/bethany-ryantreatwell-com\/"}]}},"_links":{"self":[{"href":"https:\/\/www.treatwell.it\/partners\/wp-json\/wp\/v2\/blog\/2909","targetHints":{"allow":["GET"]}}],"collection":[{"href":"https:\/\/www.treatwell.it\/partners\/wp-json\/wp\/v2\/blog"}],"about":[{"href":"https:\/\/www.treatwell.it\/partners\/wp-json\/wp\/v2\/types\/blog"}],"author":[{"embeddable":true,"href":"https:\/\/www.treatwell.it\/partners\/wp-json\/wp\/v2\/users\/50"}],"wp:featuredmedia":[{"embeddable":true,"href":"https:\/\/www.treatwell.it\/partners\/wp-json\/wp\/v2\/media\/3183"}],"wp:attachment":[{"href":"https:\/\/www.treatwell.it\/partners\/wp-json\/wp\/v2\/media?parent=2909"}],"wp:term":[{"taxonomy":"category","embeddable":true,"href":"https:\/\/www.treatwell.it\/partners\/wp-json\/wp\/v2\/categories?post=2909"},{"taxonomy":"post_tag","embeddable":true,"href":"https:\/\/www.treatwell.it\/partners\/wp-json\/wp\/v2\/tags?post=2909"},{"taxonomy":"target-audience","embeddable":true,"href":"https:\/\/www.treatwell.it\/partners\/wp-json\/wp\/v2\/target-audience?post=2909"}],"curies":[{"name":"wp","href":"https:\/\/api.w.org\/{rel}","templated":true}]}}