{"id":4442,"date":"2022-09-28T08:10:25","date_gmt":"2022-09-28T08:10:25","guid":{"rendered":"https:\/\/www.treatwell.it/partners\/?post_type=blog&#038;p=4442"},"modified":"2026-02-15T16:39:23","modified_gmt":"2026-02-15T16:39:23","slug":"the-beauty-wellness-congress-evento","status":"publish","type":"blog","link":"https:\/\/www.treatwell.it/partners\/risorse\/blog\/the-beauty-wellness-congress-evento\/","title":{"rendered":"The Beauty and Wellness Congress by Cosmoprof da non perdere a ottobre"},"content":{"rendered":"<p>L\u2019agenda di Treatwell si arricchisce il prossimo autunno di un nuovo evento: <strong>The Beauty &amp; Wellness Congress<\/strong>, che si terr\u00e0 a <strong>Milano<\/strong> presso l\u2019Allianz MiCo (Milano Convention Center). Un\u2019occasione unica per tutti i professionisti del beauty e del wellness per:<\/p>\n<ul class=\"wp-block-list\">\n<li>conoscere le ultime novit\u00e0 del settore&nbsp;<\/li>\n<li>incontrare i migliori brand e aziende (<strong>tra cui Treatwell<\/strong>)<\/li>\n<li>partecipare a conferenze, incontri di formazione e workshop<\/li>\n<\/ul>\n<div class=\"wp-block-image\">\n<figure class=\"aligncenter size-full\"><img decoding=\"async\" width=\"1000\" height=\"600\" src=\"https:\/\/www.treatwell.it/partners\/wp-content\/uploads\/sites\/15\/2022\/09\/Treatwell-x-The-Beauty-and-Wellness-ok.jpg\" alt=\"The Beauty and Wellness Congress: l'evento per centri estetici e Spa\" class=\"wp-image-4452\" srcset=\"https:\/\/www.treatwell.it/partners\/wp-content\/uploads\/sites\/15\/2022\/09\/Treatwell-x-The-Beauty-and-Wellness-ok.jpg 1000w, https:\/\/www.treatwell.it/partners\/wp-content\/uploads\/sites\/15\/2022\/09\/Treatwell-x-The-Beauty-and-Wellness-ok-300x180.jpg 300w, https:\/\/www.treatwell.it/partners\/wp-content\/uploads\/sites\/15\/2022\/09\/Treatwell-x-The-Beauty-and-Wellness-ok-768x461.jpg 768w\" sizes=\"(max-width: 1000px) 100vw, 1000px\" \/><\/figure>\n<\/div>\n<h2 class=\"wp-block-heading\"><strong>Che cos\u2019\u00e9 The Beauty &amp; Wellness Congress by Cosmoprof?<\/strong><\/h2>\n<p>The Beauty &amp; Wellness Congress \u00e8 il nuovo evento pensato per i <strong>centri estetici<\/strong> e il <strong>mondo wellness<\/strong> organizzato da Cosmoprof Bologna Fiere in collaborazione con Esthetimedia Group.<\/p>\n<p>L\u2019evento, accanto a un\u2019ampia area espositiva, accoglier\u00e0 il <strong>38\u00b0 Congresso Internazionale di Scienze Estetiche e Tecniche Applicate<\/strong> by Les Nouvelles Esth\u00e9tiques Italia. Un appuntamento fondamentale per i professionisti dell\u2019estetica.&nbsp;<\/p>\n<p>The Beauty &amp; Wellness Congress prevede, inoltre, un\u2019area interamente dedicata al wellness e al wellbeing:&nbsp; <strong>The Wellness Plaza<\/strong>. Una vera e propria \u201cpiazza\u201d dove si alterneranno professionisti qualificati, esperti e aziende del settore (<strong>tra cui Treatwell<\/strong>) che affronteranno molteplici temi: dallo yoga ai rituali, dal makeup al nail fino ai pi\u00f9 innovativi trattamenti estetici.<\/p>\n<h2 class=\"wp-block-heading\"><strong>The Beauty &amp; Wellness Congress by Cosmoprof: come partecipare?<\/strong><\/h2>\n<p>Acquista il biglietto online e approfitta della tariffa ridotta utilizzando il nostro <strong>codice sconto 1671871<\/strong>. Le tariffe in base al numero di giorni di visita sono:<\/p>\n<ul class=\"wp-block-list\">\n<li>1 giorno (Fiera + Congresso): <strong>\u20ac20,00<\/strong> (anzich\u00e9 \u20ac35)&nbsp;&nbsp;&nbsp;<\/li>\n<\/ul>\n<ul class=\"wp-block-list\">\n<li>&nbsp;2 giorni (Fiera + Congresso): <strong>\u20ac30,00<\/strong> (anzich\u00e9 \u20ac50)&nbsp;&nbsp;<\/li>\n<\/ul>\n<p>Per acquistare il biglietto \u00e8 necessario:<\/p>\n<ul class=\"wp-block-list\">\n<li><strong>registrarsi sul sito ufficiale<\/strong> di The Beauty &amp; Wellness Congress oppure accedere direttamente all&#8217;area riservata effettuando il <a aria-label=\"login (opens in a new tab)\" href=\"https:\/\/www.thebeautyandwellnesscongress.com\/?login_modal=open\" target=\"_blank\" rel=\"noreferrer noopener nofollow\" class=\"ek-link\">login<\/a>&nbsp;<\/li>\n<li>selezionare la voce \u201c<strong>Biglietteria<\/strong>\u201d e poi cliccare sul pulsante \u201c<strong>Attiva codice<\/strong>\u201d&#8217;<\/li>\n<li>inserire il codice per acquistare il proprio biglietto scontato, da <strong>stampare e portare con s\u00e9<\/strong> per accedere alla manifestazione. Ogni utente registrato con il proprio indirizzo email pu\u00f2 attivare il codice sconto una sola volta.<\/li>\n<\/ul>\n<p>Il team <strong>Treatwell ti aspetta allo stand N\u00b0I8\/L17<\/strong> (accanto all&#8217;area congressi) con tantissime attivit\u00e0: demo, show e tante altre sorprese.<\/p>\n<div class=\"wp-block-buttons is-layout-flex wp-block-buttons-is-layout-flex\">\n<div class=\"wp-block-button\"><a class=\"wp-block-button__link wp-element-button\" href=\"https:\/\/www.thebeautyandwellnesscongress.com\/ticketing\/\">Acquista ora il tuo biglietto&nbsp;<\/a><\/div>\n<\/div>\n<h2 class=\"wp-block-heading\"><strong>Il programma di &#8220;The Beauty &amp; Wellness Congress\u201d by Cosmoprof<\/strong><\/h2>\n<p>The Beauty &amp; Wellness Congress presenta un calendario ricco di appuntamenti orientato alla crescita e all\u2019evoluzione del settore. Numerose le tematiche che saranno affrontate durante il Congresso: dai nuovi trend alla comunicazione, dal management alla psicologia, dalla scienza alla dermatologia, dalla cosmetologia all\u2019estetica olistica. Scopriamo insieme nel dettaglio tutti gli eventi in programma.<\/p>\n<h3 class=\"wp-block-heading\"><strong>Programma del 38\u00b0 Congresso Internazionale di Scienze Estetiche e Tecniche Applicate<\/strong><\/h3>\n<p><strong>Sabato 29 ottobre<\/strong><\/p>\n<p>10:00 &#8211; Energia cellulare a supporto dei trattamenti<\/p>\n<p>11:00 &#8211; Le buone abitudini vanno sempre di moda<\/p>\n<p>12:00 &#8211; Man welcome<\/p>\n<p>13:00 &#8211; Prevenzione e skin care con l\u2019healthy ageing<\/p>\n<p>15:00 &#8211; Diversity and inclusion in estetica<\/p>\n<p>16:00 &#8211; Tecnologie in estetica: conoscere e rispettare norme e regole di utilizzo<\/p>\n<p>17:00 &#8211; Emozioni e olfatto<\/p>\n<p>18:00 &#8211; L\u2019importanza del finale: il profumo<\/p>\n<p><strong>Domenica 30 ottobre<\/strong><\/p>\n<p>10:00 &#8211; La mente della titolare di successo<\/p>\n<p>11:00 &#8211;&nbsp; Psico-cosmesi e rituali: il benessere inizia dalla mente<\/p>\n<p>12:00 &#8211; Pelle sana in corpore sano: oligoterapia medica ed estetica<\/p>\n<p>13:00 &#8211; Tutta la verit\u00e0 sulla cellulite<\/p>\n<p>15:00 &#8211; Linfodrenaggio: molto pi\u00f9 di un massaggio<\/p>\n<p>15:45 &#8211; Dermopigmentazione e innovazione: dalle normative sui pigmenti alle ultime tendenze<\/p>\n<p>17:15 &#8211; Vocal care: la voce come strumento per potenziare il benessere, proprio e dei propri clienti<\/p>\n<p>18:00 &#8211; L\u2019importanza del finale: il suono<\/p>\n<p><strong> Luned\u00ec 31 ottobre<\/strong><\/p>\n<p>10:00 &#8211; Conoscenza, interesse, consapevolezza delle estetiste del futuro<\/p>\n<p>11:00 &#8211; Premio alla carriera per Nennella Santelli e Cool School: the award ceremony!<\/p>\n<p>12:00 &#8211; I piedi\u2026 In piedi<\/p>\n<p>13:00 &#8211; Social Power<\/p>\n<p>15:00 &#8211; Sogno o son desto? Sogno la mia attivit\u00e0 o son desto realizzatore?<\/p>\n<p>16:00 &#8211; Nutrire la bellezza dall\u2019interno: la forte sinergia tra dermocosmesi e nutraceutica<\/p>\n<p>17:00 &#8211; L\u2019importanza del finale: il gusto<\/p>\n<h3 class=\"wp-block-heading\"><strong>Programma di \u201cThe Wellness Plaza\u201d<\/strong><\/h3>\n<p><strong>Sabato 29 ottobre<\/strong><\/p>\n<p>11:00- Massaggio a quattro mani. Metodo sama con i cuscini di sale<\/p>\n<p>12:00 &#8211; Il wellbeing come nuovo stile di vita<\/p>\n<p>14:00 &#8211; Nail time<\/p>\n<p>15:00 &#8211; Il massaggio gambesane<\/p>\n<p><strong>Domenica 30 ottobre<\/strong><\/p>\n<p>11:00 L\u2019offerta dell\u2019operatore incontra la richiesta del cliente<\/p>\n<p>11:45 &#8211; Il gesto del benessere: le nuove frontiere del trattamento&nbsp;<\/p>\n<p>12:45 &#8211; Il benessere del centro estetico inizia prima del \u201cbenvenuto\u201d<\/p>\n<p>14:00 &#8211; Estetistyle<\/p>\n<p><strong>Luned\u00ec 31 ottobre<\/strong><\/p>\n<p>11: 00 &#8211; I segreti del face yoga<\/p>\n<p>12:00 &#8211; Neverending dream. Continua a sognare (e a imparare)<\/p>\n<p>15:00 &#8211; Hallotiques: il trucco \u201cHalloween\u201d per les Nouvelles Esth\u00e9tiques<\/p>\n<h2 class=\"wp-block-heading\"><strong>Treatwell x The Beauty &amp; Wellness Congress: scopri il nostro gestionale per saloni di bellezza<\/strong><\/h2>\n<p><strong><a href=\"https:\/\/www.treatwell.it\/partners\/\" class=\"ek-link\">Treatwell PR<\/a><a href=\"https:\/\/www.treatwell.it\/partners\/\" class=\"ek-link\">O<\/a><\/strong> \u00e8 il miglior gestionale, scelto gi\u00e0 da oltre 40.000 professionisti del settore beauty e wellness in tutta Europa. Dalla prenotazione online all\u2019acquisizione di nuovi clienti, con Treatwell PRO gestire la tua attivit\u00e0 non \u00e8 mai stato cos\u00ec facile.<\/p>\n<div class=\"wp-block-image\">\n<figure class=\"aligncenter size-full\"><img decoding=\"async\" width=\"1000\" height=\"600\" src=\"https:\/\/www.treatwell.it/partners\/wp-content\/uploads\/sites\/15\/2022\/09\/Treatwell-Pro-demo-ok.jpg\" alt=\"\" class=\"wp-image-4453\" srcset=\"https:\/\/www.treatwell.it/partners\/wp-content\/uploads\/sites\/15\/2022\/09\/Treatwell-Pro-demo-ok.jpg 1000w, https:\/\/www.treatwell.it/partners\/wp-content\/uploads\/sites\/15\/2022\/09\/Treatwell-Pro-demo-ok-300x180.jpg 300w, https:\/\/www.treatwell.it/partners\/wp-content\/uploads\/sites\/15\/2022\/09\/Treatwell-Pro-demo-ok-768x461.jpg 768w\" sizes=\"(max-width: 1000px) 100vw, 1000px\" \/><\/figure>\n<\/div>\n<p>Vuoi saperne di pi\u00f9? Vieni a trovarci allo <strong>stand N\u00b0I8\/L17<\/strong> (accanto all&#8217;area congressi) e <strong>richiedi una demo gratuita<\/strong> a uno dei nostri esperti.&nbsp;&nbsp;<\/p>\n<div class=\"wp-block-buttons is-layout-flex wp-block-buttons-is-layout-flex\">\n<div class=\"wp-block-button\"><a class=\"wp-block-button__link wp-element-button\" href=\"https:\/\/www.treatwell.it\/partners\/contatti\/\">Richiedi una demo gratuita<\/a><\/div>\n<\/div>\n<h2 class=\"wp-block-heading\"><strong>Perch\u00e9 scegliere Treatwell PRO?<\/strong><\/h2>\n<p>Il nostro <strong><a href=\"https:\/\/www.treatwell.it\/partners\/risorse\/blog\/gestionale-parrucchieri-centri-estetici\/\" class=\"ek-link\">software gestionale<\/a><\/strong> \u00e8 stato pensato, creato e progettato per i professionisti della bellezza. Con Treatwell PRO avrai tutte le funzionalit\u00e0 di cui hai veramente bisogno:<\/p>\n<ul class=\"wp-block-list\">\n<li>Agenda digitale<\/li>\n<li>Visibilit\u00e0 online<\/li>\n<li>Marketing, promozioni e comunicazioni<\/li>\n<li>Cassa, fatture e pagamenti<\/li>\n<li>Analitica e reportistica<\/li>\n<li>Gestione del magazzino<\/li>\n<\/ul>\n<p>E c\u2019\u00e8 di pi\u00f9, potrai gestire tutto questo <strong>da qualsiasi dispositivo<\/strong> in qualsiasi momento. Niente male, vero?<\/p>\n<p>Unisciti a noi il <strong>29, 30 e 31 ottobre<\/strong> in occasione di <strong>The Beauty &amp; Wellness Congress<\/strong> per tre giorni di workshop, demo live e tantissime altre sorprese.&nbsp;<\/p>\n<div class=\"schema-faq wp-block-yoast-faq-block\">\n<div class=\"schema-faq-section\" id=\"faq-question-1771173396619\">\n<h3 class=\"schema-faq-question\">Come partecipare al Beauty &amp; Wellness Congress a Milano?<\/h3>\n<p class=\"schema-faq-answer\">Puoi partecipare acquistando il biglietto online e utilizzando il codice sconto 1671871 per una tariffa ridotta. Registrati sul sito ufficiale, seleziona &#8220;Biglietteria&#8221;, attiva il codice e stampa il biglietto per l&#8217;accesso. Il costo parte da \u20ac20,00 per 1 giorno anzich\u00e9 \u20ac35.<\/div>\n<div class=\"schema-faq-section\" id=\"faq-question-1771173396620\">\n<h3 class=\"schema-faq-question\">Quali vantaggi offre Treatwell PRO ai titolari di saloni?<\/h3>\n<p class=\"schema-faq-answer\">Con Treatwell PRO puoi gestire agenda digitale, visibilit\u00e0 online, marketing, cassa, reportistica e magazzino da qualsiasi dispositivo. Ottimizza l&#8217;efficienza operativa e migliora la gestione dei tuoi appuntamenti, comunicazioni e promozioni in modo centralizzato e semplice.<\/div>\n<div class=\"schema-faq-section\" id=\"faq-question-1771173396621\">\n<h3 class=\"schema-faq-question\">Quali tematiche vengono trattate durante le conferenze del Congresso?<\/h3>\n<p class=\"schema-faq-answer\">Durante il Congresso affronti argomenti chiave come trend, management, psicologia, scienza, dermatologia, cosmetologia ed estetica olistica. Sviluppa il tuo know-how partecipando a workshop che spaziano dalla prevenzione all&#8217;healthy ageing fino alla comunicazione efficace e alla diversit\u00e0 nel settore.<\/div>\n<div class=\"schema-faq-section\" id=\"faq-question-1771173396622\">\n<h3 class=\"schema-faq-question\">Come accedere a una demo gratuita di Treatwell PRO durante l&#8217;evento?<\/h3>\n<p class=\"schema-faq-answer\">Puoi richiedere una demo gratuita direttamente allo stand N\u00b0I8\/L17 accanto all\u2019area congressi nei giorni dell\u2019evento. Un esperto ti mostrer\u00e0 come gestire digitalmente tutte le aree chiave del tuo salone in modo efficace.<\/div>\n<div class=\"schema-faq-section\" id=\"faq-question-1771173396623\">\n<h3 class=\"schema-faq-question\">Cosa comprende il programma &#8220;The Wellness Plaza&#8221; dedicato al wellbeing?<\/h3>\n<p class=\"schema-faq-answer\">Nel programma &#8220;The Wellness Plaza&#8221; trovi sessioni pratiche su massaggi, yoga, rituali, nail e trattamenti innovativi con esperti del settore. Approfitta di questa area per scoprire nuove tecniche e integrare tendenze di benessere nella tua offerta di servizi.<\/div>\n<div class=\"schema-faq-section\" id=\"faq-question-1771173396624\">\n<h3 class=\"schema-faq-question\">Quando si svolge il Beauty &amp; Wellness Congress e quali giornate sono incluse?<\/h3>\n<p class=\"schema-faq-answer\">Il Beauty &amp; Wellness Congress si svolge il 29, 30 e 31 ottobre presso Allianz MiCo a Milano. Puoi pianificare la partecipazione in base ai tuoi interessi sulle tre giornate ricche di incontri, conferenze e dimostrazioni.<\/div>\n<\/p><\/div>\n","protected":false},"excerpt":{"rendered":"<p>L\u2019agenda di Treatwell si arricchisce il prossimo autunno di un nuovo evento: The Beauty &amp; Wellness Congress, che si terr\u00e0 a Milano presso l\u2019Allianz MiCo (Milano Convention Center). Un\u2019occasione unica per tutti i professionisti del beauty e del wellness per: conoscere le ultime novit\u00e0 del settore&nbsp; incontrare i migliori brand e aziende (tra cui Treatwell) [&hellip;]<\/p>\n","protected":false},"author":50,"featured_media":4452,"template":"","meta":{"_acf_changed":false,"_yoast_wpseo_title":"Beauty & Wellness Congress per i Saloni di Bellezza","_yoast_wpseo_metadesc":"Partecipa al Beauty & Wellness Congress: strategie di gestione, strumenti digitali e formazione per ottimizzare clientela e crescita del tuo salone beauty.","_editorskit_title_hidden":false,"_editorskit_reading_time":0,"_editorskit_is_block_options_detached":false,"_editorskit_block_options_position":"{}","saswp_custom_schema_field":"{\"@context\":\"https:\/\/schema.org\",\"@type\":\"FAQPage\",\"mainEntity\":[{\"@type\":\"Question\",\"name\":\"Come partecipare al Beauty & Wellness Congress a Milano?\",\"acceptedAnswer\":{\"@type\":\"Answer\",\"text\":\"Puoi partecipare acquistando il biglietto online e utilizzando il codice sconto 1671871 per una tariffa ridotta. Registrati sul sito ufficiale, seleziona \\\"Biglietteria\\\", attiva il codice e stampa il biglietto per l'accesso. Il costo parte da \u20ac20,00 per 1 giorno anzich\u00e9 \u20ac35.\"}},{\"@type\":\"Question\",\"name\":\"Quali vantaggi offre Treatwell PRO ai titolari di saloni?\",\"acceptedAnswer\":{\"@type\":\"Answer\",\"text\":\"Con Treatwell PRO puoi gestire agenda digitale, visibilit\u00e0 online, marketing, cassa, reportistica e magazzino da qualsiasi dispositivo. Ottimizza l'efficienza operativa e migliora la gestione dei tuoi appuntamenti, comunicazioni e promozioni in modo centralizzato e semplice.\"}},{\"@type\":\"Question\",\"name\":\"Quali tematiche vengono trattate durante le conferenze del Congresso?\",\"acceptedAnswer\":{\"@type\":\"Answer\",\"text\":\"Durante il Congresso affronti argomenti chiave come trend, management, psicologia, scienza, dermatologia, cosmetologia ed estetica olistica. Sviluppa il tuo know-how partecipando a workshop che spaziano dalla prevenzione all'healthy ageing fino alla comunicazione efficace e alla diversit\u00e0 nel settore.\"}},{\"@type\":\"Question\",\"name\":\"Come accedere a una demo gratuita di Treatwell PRO durante l'evento?\",\"acceptedAnswer\":{\"@type\":\"Answer\",\"text\":\"Puoi richiedere una demo gratuita direttamente allo stand N\u00b0I8\/L17 accanto all\u2019area congressi nei giorni dell\u2019evento. Un esperto ti mostrer\u00e0 come gestire digitalmente tutte le aree chiave del tuo salone in modo efficace.\"}},{\"@type\":\"Question\",\"name\":\"Cosa comprende il programma \\\"The Wellness Plaza\\\" dedicato al wellbeing?\",\"acceptedAnswer\":{\"@type\":\"Answer\",\"text\":\"Nel programma \\\"The Wellness Plaza\\\" trovi sessioni pratiche su massaggi, yoga, rituali, nail e trattamenti innovativi con esperti del settore. Approfitta di questa area per scoprire nuove tecniche e integrare tendenze di benessere nella tua offerta di servizi.\"}},{\"@type\":\"Question\",\"name\":\"Quando si svolge il Beauty & Wellness Congress e quali giornate sono incluse?\",\"acceptedAnswer\":{\"@type\":\"Answer\",\"text\":\"Il Beauty & Wellness Congress si svolge il 29, 30 e 31 ottobre presso Allianz MiCo a Milano. Puoi pianificare la partecipazione in base ai tuoi interessi sulle tre giornate ricche di incontri, conferenze e dimostrazioni.\"}}]}"},"categories":[],"tags":[],"target-audience":[],"class_list":["post-4442","blog","type-blog","status-publish","has-post-thumbnail","hentry"],"acf":[],"yoast_head":"<!-- This site is optimized with the Yoast SEO plugin v27.4 - https:\/\/yoast.com\/product\/yoast-seo-wordpress\/ -->\n<title>Beauty &amp; Wellness Congress per i Saloni di Bellezza<\/title>\n<meta name=\"description\" content=\"Partecipa al Beauty &amp; Wellness Congress: strategie di gestione, strumenti digitali e formazione per ottimizzare clientela e crescita del tuo salone beauty.\" \/>\n<meta name=\"robots\" content=\"index, follow, max-snippet:-1, max-image-preview:large, max-video-preview:-1\" \/>\n<link rel=\"canonical\" href=\"https:\/\/www.treatwell.it/partners\/risorse\/blog\/the-beauty-wellness-congress-evento\/\" \/>\n<meta property=\"og:locale\" content=\"it_IT\" \/>\n<meta property=\"og:type\" content=\"article\" \/>\n<meta property=\"og:title\" content=\"Beauty &amp; Wellness Congress per i Saloni di Bellezza\" \/>\n<meta property=\"og:description\" content=\"Partecipa al Beauty &amp; Wellness Congress: strategie di gestione, strumenti digitali e formazione per ottimizzare clientela e crescita del tuo salone beauty.\" \/>\n<meta property=\"og:url\" content=\"https:\/\/www.treatwell.it/partners\/risorse\/blog\/the-beauty-wellness-congress-evento\/\" \/>\n<meta property=\"og:site_name\" content=\"Treatwell Business\" \/>\n<meta property=\"article:modified_time\" content=\"2026-02-15T16:39:23+00:00\" \/>\n<meta property=\"og:image\" content=\"https:\/\/www.treatwell.it/partners\/wp-content\/uploads\/sites\/15\/2022\/09\/Treatwell-x-The-Beauty-and-Wellness-ok.jpg\" \/>\n\t<meta property=\"og:image:width\" content=\"1000\" \/>\n\t<meta property=\"og:image:height\" content=\"600\" \/>\n\t<meta property=\"og:image:type\" content=\"image\/jpeg\" \/>\n<meta name=\"twitter:card\" content=\"summary_large_image\" \/>\n<meta name=\"twitter:label1\" content=\"Tempo di lettura stimato\" \/>\n\t<meta name=\"twitter:data1\" content=\"6 minuti\" \/>\n<script type=\"application\/ld+json\" class=\"yoast-schema-graph\">{\"@context\":\"https:\\\/\\\/schema.org\",\"@graph\":[{\"@type\":\"Article\",\"@id\":\"https:\\\/\\\/www.treatwell.it/partners\\\/risorse\\\/blog\\\/the-beauty-wellness-congress-evento\\\/#article\",\"isPartOf\":{\"@id\":\"https:\\\/\\\/www.treatwell.it/partners\\\/risorse\\\/blog\\\/the-beauty-wellness-congress-evento\\\/\"},\"author\":{\"name\":\"Beth Ryan\",\"@id\":\"https:\\\/\\\/www.treatwell.it/partners\\\/#\\\/schema\\\/person\\\/6960e93c537181ca1be516e802450be1\"},\"headline\":\"The Beauty and Wellness Congress by Cosmoprof da non perdere a ottobre\",\"datePublished\":\"2022-09-28T08:10:25+00:00\",\"dateModified\":\"2026-02-15T16:39:23+00:00\",\"mainEntityOfPage\":{\"@id\":\"https:\\\/\\\/www.treatwell.it/partners\\\/risorse\\\/blog\\\/the-beauty-wellness-congress-evento\\\/\"},\"wordCount\":1143,\"publisher\":{\"@id\":\"https:\\\/\\\/www.treatwell.it/partners\\\/#organization\"},\"image\":{\"@id\":\"https:\\\/\\\/www.treatwell.it/partners\\\/risorse\\\/blog\\\/the-beauty-wellness-congress-evento\\\/#primaryimage\"},\"thumbnailUrl\":\"https:\\\/\\\/www.treatwell.it/partners\\\/wp-content\\\/uploads\\\/sites\\\/15\\\/2022\\\/09\\\/Treatwell-x-The-Beauty-and-Wellness-ok.jpg\",\"inLanguage\":\"it-IT\"},{\"@type\":\"WebPage\",\"@id\":\"https:\\\/\\\/www.treatwell.it/partners\\\/risorse\\\/blog\\\/the-beauty-wellness-congress-evento\\\/\",\"url\":\"https:\\\/\\\/www.treatwell.it/partners\\\/risorse\\\/blog\\\/the-beauty-wellness-congress-evento\\\/\",\"name\":\"Beauty & Wellness Congress per i Saloni di Bellezza\",\"isPartOf\":{\"@id\":\"https:\\\/\\\/www.treatwell.it/partners\\\/#website\"},\"primaryImageOfPage\":{\"@id\":\"https:\\\/\\\/www.treatwell.it/partners\\\/risorse\\\/blog\\\/the-beauty-wellness-congress-evento\\\/#primaryimage\"},\"image\":{\"@id\":\"https:\\\/\\\/www.treatwell.it/partners\\\/risorse\\\/blog\\\/the-beauty-wellness-congress-evento\\\/#primaryimage\"},\"thumbnailUrl\":\"https:\\\/\\\/www.treatwell.it/partners\\\/wp-content\\\/uploads\\\/sites\\\/15\\\/2022\\\/09\\\/Treatwell-x-The-Beauty-and-Wellness-ok.jpg\",\"datePublished\":\"2022-09-28T08:10:25+00:00\",\"dateModified\":\"2026-02-15T16:39:23+00:00\",\"description\":\"Partecipa al Beauty & Wellness Congress: strategie di gestione, strumenti digitali e formazione per ottimizzare clientela e crescita del tuo salone beauty.\",\"breadcrumb\":{\"@id\":\"https:\\\/\\\/www.treatwell.it/partners\\\/risorse\\\/blog\\\/the-beauty-wellness-congress-evento\\\/#breadcrumb\"},\"inLanguage\":\"it-IT\",\"potentialAction\":[{\"@type\":\"ReadAction\",\"target\":[\"https:\\\/\\\/www.treatwell.it/partners\\\/risorse\\\/blog\\\/the-beauty-wellness-congress-evento\\\/\"]}]},{\"@type\":\"ImageObject\",\"inLanguage\":\"it-IT\",\"@id\":\"https:\\\/\\\/www.treatwell.it/partners\\\/risorse\\\/blog\\\/the-beauty-wellness-congress-evento\\\/#primaryimage\",\"url\":\"https:\\\/\\\/www.treatwell.it/partners\\\/wp-content\\\/uploads\\\/sites\\\/15\\\/2022\\\/09\\\/Treatwell-x-The-Beauty-and-Wellness-ok.jpg\",\"contentUrl\":\"https:\\\/\\\/www.treatwell.it/partners\\\/wp-content\\\/uploads\\\/sites\\\/15\\\/2022\\\/09\\\/Treatwell-x-The-Beauty-and-Wellness-ok.jpg\",\"width\":1000,\"height\":600,\"caption\":\"Treatwell x The Beauty and Wellness Congress\"},{\"@type\":\"BreadcrumbList\",\"@id\":\"https:\\\/\\\/www.treatwell.it/partners\\\/risorse\\\/blog\\\/the-beauty-wellness-congress-evento\\\/#breadcrumb\",\"itemListElement\":[{\"@type\":\"ListItem\",\"position\":1,\"name\":\"Home\",\"item\":\"https:\\\/\\\/www.treatwell.it/partners\\\/\"},{\"@type\":\"ListItem\",\"position\":2,\"name\":\"Blog\",\"item\":\"https:\\\/\\\/www.treatwell.it/partners\\\/risorse\\\/blog\\\/\"},{\"@type\":\"ListItem\",\"position\":3,\"name\":\"The Beauty and Wellness Congress by Cosmoprof da non perdere a ottobre\"}]},{\"@type\":\"WebSite\",\"@id\":\"https:\\\/\\\/www.treatwell.it/partners\\\/#website\",\"url\":\"https:\\\/\\\/www.treatwell.it/partners\\\/\",\"name\":\"Treatwell Business\",\"description\":\"\",\"publisher\":{\"@id\":\"https:\\\/\\\/www.treatwell.it/partners\\\/#organization\"},\"potentialAction\":[{\"@type\":\"SearchAction\",\"target\":{\"@type\":\"EntryPoint\",\"urlTemplate\":\"https:\\\/\\\/www.treatwell.it/partners\\\/?s={search_term_string}\"},\"query-input\":{\"@type\":\"PropertyValueSpecification\",\"valueRequired\":true,\"valueName\":\"search_term_string\"}}],\"inLanguage\":\"it-IT\"},{\"@type\":\"Organization\",\"@id\":\"https:\\\/\\\/www.treatwell.it/partners\\\/#organization\",\"name\":\"Treatwell\",\"url\":\"https:\\\/\\\/www.treatwell.it/partners\\\/\",\"logo\":{\"@type\":\"ImageObject\",\"inLanguage\":\"it-IT\",\"@id\":\"https:\\\/\\\/www.treatwell.it/partners\\\/#\\\/schema\\\/logo\\\/image\\\/\",\"url\":\"https:\\\/\\\/www.treatwell.it/partners\\\/wp-content\\\/uploads\\\/sites\\\/15\\\/2020\\\/04\\\/treatwell-logotype-navy-rgb@2x.png\",\"contentUrl\":\"https:\\\/\\\/www.treatwell.it/partners\\\/wp-content\\\/uploads\\\/sites\\\/15\\\/2020\\\/04\\\/treatwell-logotype-navy-rgb@2x.png\",\"width\":302,\"height\":56,\"caption\":\"Treatwell\"},\"image\":{\"@id\":\"https:\\\/\\\/www.treatwell.it/partners\\\/#\\\/schema\\\/logo\\\/image\\\/\"}},{\"@type\":\"Person\",\"@id\":\"https:\\\/\\\/www.treatwell.it/partners\\\/#\\\/schema\\\/person\\\/6960e93c537181ca1be516e802450be1\",\"name\":\"Beth Ryan\",\"image\":{\"@type\":\"ImageObject\",\"inLanguage\":\"it-IT\",\"@id\":\"https:\\\/\\\/secure.gravatar.com\\\/avatar\\\/93502c3b0591e62d75cc697ff3b5b8f47fef521e9dd0d61feb5570ae6d459200?s=96&d=mm&r=g\",\"url\":\"https:\\\/\\\/secure.gravatar.com\\\/avatar\\\/93502c3b0591e62d75cc697ff3b5b8f47fef521e9dd0d61feb5570ae6d459200?s=96&d=mm&r=g\",\"contentUrl\":\"https:\\\/\\\/secure.gravatar.com\\\/avatar\\\/93502c3b0591e62d75cc697ff3b5b8f47fef521e9dd0d61feb5570ae6d459200?s=96&d=mm&r=g\",\"caption\":\"Beth Ryan\"},\"url\":\"https:\\\/\\\/www.treatwell.it/partners\\\/author\\\/bethany-ryantreatwell-com\\\/\"}]}<\/script>\n<!-- \/ Yoast SEO plugin. -->","yoast_head_json":{"title":"Beauty & Wellness Congress per i Saloni di Bellezza","description":"Partecipa al Beauty & Wellness Congress: strategie di gestione, strumenti digitali e formazione per ottimizzare clientela e crescita del tuo salone beauty.","robots":{"index":"index","follow":"follow","max-snippet":"max-snippet:-1","max-image-preview":"max-image-preview:large","max-video-preview":"max-video-preview:-1"},"canonical":"https:\/\/www.treatwell.it/partners\/risorse\/blog\/the-beauty-wellness-congress-evento\/","og_locale":"it_IT","og_type":"article","og_title":"Beauty & Wellness Congress per i Saloni di Bellezza","og_description":"Partecipa al Beauty & Wellness Congress: strategie di gestione, strumenti digitali e formazione per ottimizzare clientela e crescita del tuo salone beauty.","og_url":"https:\/\/www.treatwell.it/partners\/risorse\/blog\/the-beauty-wellness-congress-evento\/","og_site_name":"Treatwell Business","article_modified_time":"2026-02-15T16:39:23+00:00","og_image":[{"width":1000,"height":600,"url":"https:\/\/www.treatwell.it/partners\/wp-content\/uploads\/sites\/15\/2022\/09\/Treatwell-x-The-Beauty-and-Wellness-ok.jpg","type":"image\/jpeg"}],"twitter_card":"summary_large_image","twitter_misc":{"Tempo di lettura stimato":"6 minuti"},"schema":{"@context":"https:\/\/schema.org","@graph":[{"@type":"Article","@id":"https:\/\/www.treatwell.it/partners\/risorse\/blog\/the-beauty-wellness-congress-evento\/#article","isPartOf":{"@id":"https:\/\/www.treatwell.it/partners\/risorse\/blog\/the-beauty-wellness-congress-evento\/"},"author":{"name":"Beth Ryan","@id":"https:\/\/www.treatwell.it/partners\/#\/schema\/person\/6960e93c537181ca1be516e802450be1"},"headline":"The Beauty and Wellness Congress by Cosmoprof da non perdere a ottobre","datePublished":"2022-09-28T08:10:25+00:00","dateModified":"2026-02-15T16:39:23+00:00","mainEntityOfPage":{"@id":"https:\/\/www.treatwell.it/partners\/risorse\/blog\/the-beauty-wellness-congress-evento\/"},"wordCount":1143,"publisher":{"@id":"https:\/\/www.treatwell.it/partners\/#organization"},"image":{"@id":"https:\/\/www.treatwell.it/partners\/risorse\/blog\/the-beauty-wellness-congress-evento\/#primaryimage"},"thumbnailUrl":"https:\/\/www.treatwell.it/partners\/wp-content\/uploads\/sites\/15\/2022\/09\/Treatwell-x-The-Beauty-and-Wellness-ok.jpg","inLanguage":"it-IT"},{"@type":"WebPage","@id":"https:\/\/www.treatwell.it/partners\/risorse\/blog\/the-beauty-wellness-congress-evento\/","url":"https:\/\/www.treatwell.it/partners\/risorse\/blog\/the-beauty-wellness-congress-evento\/","name":"Beauty & Wellness Congress per i Saloni di Bellezza","isPartOf":{"@id":"https:\/\/www.treatwell.it/partners\/#website"},"primaryImageOfPage":{"@id":"https:\/\/www.treatwell.it/partners\/risorse\/blog\/the-beauty-wellness-congress-evento\/#primaryimage"},"image":{"@id":"https:\/\/www.treatwell.it/partners\/risorse\/blog\/the-beauty-wellness-congress-evento\/#primaryimage"},"thumbnailUrl":"https:\/\/www.treatwell.it/partners\/wp-content\/uploads\/sites\/15\/2022\/09\/Treatwell-x-The-Beauty-and-Wellness-ok.jpg","datePublished":"2022-09-28T08:10:25+00:00","dateModified":"2026-02-15T16:39:23+00:00","description":"Partecipa al Beauty & Wellness Congress: strategie di gestione, strumenti digitali e formazione per ottimizzare clientela e crescita del tuo salone beauty.","breadcrumb":{"@id":"https:\/\/www.treatwell.it/partners\/risorse\/blog\/the-beauty-wellness-congress-evento\/#breadcrumb"},"inLanguage":"it-IT","potentialAction":[{"@type":"ReadAction","target":["https:\/\/www.treatwell.it/partners\/risorse\/blog\/the-beauty-wellness-congress-evento\/"]}]},{"@type":"ImageObject","inLanguage":"it-IT","@id":"https:\/\/www.treatwell.it/partners\/risorse\/blog\/the-beauty-wellness-congress-evento\/#primaryimage","url":"https:\/\/www.treatwell.it/partners\/wp-content\/uploads\/sites\/15\/2022\/09\/Treatwell-x-The-Beauty-and-Wellness-ok.jpg","contentUrl":"https:\/\/www.treatwell.it/partners\/wp-content\/uploads\/sites\/15\/2022\/09\/Treatwell-x-The-Beauty-and-Wellness-ok.jpg","width":1000,"height":600,"caption":"Treatwell x The Beauty and Wellness Congress"},{"@type":"BreadcrumbList","@id":"https:\/\/www.treatwell.it/partners\/risorse\/blog\/the-beauty-wellness-congress-evento\/#breadcrumb","itemListElement":[{"@type":"ListItem","position":1,"name":"Home","item":"https:\/\/www.treatwell.it/partners\/"},{"@type":"ListItem","position":2,"name":"Blog","item":"https:\/\/www.treatwell.it/partners\/risorse\/blog\/"},{"@type":"ListItem","position":3,"name":"The Beauty and Wellness Congress by Cosmoprof da non perdere a ottobre"}]},{"@type":"WebSite","@id":"https:\/\/www.treatwell.it/partners\/#website","url":"https:\/\/www.treatwell.it/partners\/","name":"Treatwell Business","description":"","publisher":{"@id":"https:\/\/www.treatwell.it/partners\/#organization"},"potentialAction":[{"@type":"SearchAction","target":{"@type":"EntryPoint","urlTemplate":"https:\/\/www.treatwell.it/partners\/?s={search_term_string}"},"query-input":{"@type":"PropertyValueSpecification","valueRequired":true,"valueName":"search_term_string"}}],"inLanguage":"it-IT"},{"@type":"Organization","@id":"https:\/\/www.treatwell.it/partners\/#organization","name":"Treatwell","url":"https:\/\/www.treatwell.it/partners\/","logo":{"@type":"ImageObject","inLanguage":"it-IT","@id":"https:\/\/www.treatwell.it/partners\/#\/schema\/logo\/image\/","url":"https:\/\/www.treatwell.it/partners\/wp-content\/uploads\/sites\/15\/2020\/04\/treatwell-logotype-navy-rgb@2x.png","contentUrl":"https:\/\/www.treatwell.it/partners\/wp-content\/uploads\/sites\/15\/2020\/04\/treatwell-logotype-navy-rgb@2x.png","width":302,"height":56,"caption":"Treatwell"},"image":{"@id":"https:\/\/www.treatwell.it/partners\/#\/schema\/logo\/image\/"}},{"@type":"Person","@id":"https:\/\/www.treatwell.it/partners\/#\/schema\/person\/6960e93c537181ca1be516e802450be1","name":"Beth Ryan","image":{"@type":"ImageObject","inLanguage":"it-IT","@id":"https:\/\/secure.gravatar.com\/avatar\/93502c3b0591e62d75cc697ff3b5b8f47fef521e9dd0d61feb5570ae6d459200?s=96&d=mm&r=g","url":"https:\/\/secure.gravatar.com\/avatar\/93502c3b0591e62d75cc697ff3b5b8f47fef521e9dd0d61feb5570ae6d459200?s=96&d=mm&r=g","contentUrl":"https:\/\/secure.gravatar.com\/avatar\/93502c3b0591e62d75cc697ff3b5b8f47fef521e9dd0d61feb5570ae6d459200?s=96&d=mm&r=g","caption":"Beth Ryan"},"url":"https:\/\/www.treatwell.it/partners\/author\/bethany-ryantreatwell-com\/"}]}},"_links":{"self":[{"href":"https:\/\/www.treatwell.it\/partners\/wp-json\/wp\/v2\/blog\/4442","targetHints":{"allow":["GET"]}}],"collection":[{"href":"https:\/\/www.treatwell.it\/partners\/wp-json\/wp\/v2\/blog"}],"about":[{"href":"https:\/\/www.treatwell.it\/partners\/wp-json\/wp\/v2\/types\/blog"}],"author":[{"embeddable":true,"href":"https:\/\/www.treatwell.it\/partners\/wp-json\/wp\/v2\/users\/50"}],"wp:featuredmedia":[{"embeddable":true,"href":"https:\/\/www.treatwell.it\/partners\/wp-json\/wp\/v2\/media\/4452"}],"wp:attachment":[{"href":"https:\/\/www.treatwell.it\/partners\/wp-json\/wp\/v2\/media?parent=4442"}],"wp:term":[{"taxonomy":"category","embeddable":true,"href":"https:\/\/www.treatwell.it\/partners\/wp-json\/wp\/v2\/categories?post=4442"},{"taxonomy":"post_tag","embeddable":true,"href":"https:\/\/www.treatwell.it\/partners\/wp-json\/wp\/v2\/tags?post=4442"},{"taxonomy":"target-audience","embeddable":true,"href":"https:\/\/www.treatwell.it\/partners\/wp-json\/wp\/v2\/target-audience?post=4442"}],"curies":[{"name":"wp","href":"https:\/\/api.w.org\/{rel}","templated":true}]}}