{"id":10116,"date":"2018-08-20T13:11:23","date_gmt":"2018-08-20T11:11:23","guid":{"rendered":"http:\/\/www.treatwell.it\/treatment-files\/?p=231"},"modified":"2025-12-24T15:48:27","modified_gmt":"2025-12-24T14:48:27","slug":"hairstyle-uomo-come-personalizzare-un-taglio-corto","status":"publish","type":"post","link":"https:\/\/www.treatwell.it/treatment-files\/hairstyle-uomo-come-personalizzare-un-taglio-corto\/","title":{"rendered":"Hairstyle uomo: come personalizzare un taglio corto"},"content":{"rendered":"<p><span style=\"font-weight: 400\">Look da bravo ragazzo, rasato o da hipster con barba e baffi? Chi ha detto che i capelli corti sono monotoni si \u00e8 sbagliato di grosso: basta poco per dare a qualsiasi taglio corto un sapore raffinato o da &#8220;cattivo ragazzo&#8221;, militare o tenebroso.<\/span><\/p>\n<div class=\"schema-faq wp-block-yoast-faq-block\">\n<div class=\"schema-faq-section\" id=\"faq-question-1766587145696\">\n<h3 class=\"schema-faq-question\">Come puoi rendere pi\u00f9 elegante un taglio rasato?<\/h3>\n<p class=\"schema-faq-answer\">Basta abbinare il taglio rasato a una polo, una giacca doppiopetto e mocassini per ottenere uno stile college elegante. Anche piccoli dettagli, come evitare l&#8217;abbigliamento militare, permettono al taglio di esprimere raffinatezza.<\/p>\n<\/p><\/div>\n<div class=\"schema-faq-section\" id=\"faq-question-1766587145697\">\n<h3 class=\"schema-faq-question\">Quali sono i dettagli che rendono il look da &#8220;cattivo ragazzo&#8221;?<\/h3>\n<p class=\"schema-faq-answer\">Puoi scegliere una linea sulla nuca rasata a codino a V o un &#8220;tatuaggio&#8221; creato con capelli leggermente pi\u00f9 lunghi dietro l&#8217;orecchio. Questi particolari conferiscono un&#8217;immagine pi\u00f9 ribelle e personalizzata al tuo taglio corto.<\/p>\n<\/p><\/div>\n<div class=\"schema-faq-section\" id=\"faq-question-1766587145698\">\n<h3 class=\"schema-faq-question\">Come puoi togliere al taglio corto la sensazione da &#8220;bravo ragazzo&#8221;?<\/h3>\n<p class=\"schema-faq-answer\">La barba di tre giorni \u00e8 il dettaglio pi\u00f9 indicato per dare un tocco sexy e meno formale ai capelli corti con la riga di lato. In pi\u00f9, non fare la barba per alcuni giorni favorisce la rigenerazione della pelle.<\/p>\n<\/p><\/div>\n<div class=\"schema-faq-section\" id=\"faq-question-1766587145699\">\n<h3 class=\"schema-faq-question\">In che modo puoi abbinare barba e baffi allo stile hipster?<\/h3>\n<p class=\"schema-faq-answer\">I capelli corti si abbinano perfettamente a baffi e barba fluenti per creare un look hipster. Questo stile richiama tendenze vintage e consente di indossare scarpe da tennis e tatuaggi tribali con disinvoltura.<\/p>\n<\/p><\/div>\n<div class=\"schema-faq-section\" id=\"faq-question-1766587145700\">\n<h3 class=\"schema-faq-question\">Qual \u00e8 il taglio pi\u00f9 richiesto dai giovanissimi e come puoi variarlo?<\/h3>\n<p class=\"schema-faq-answer\">Il doppio taglio con ciuffo lungo \u00e8 il pi\u00f9 richiesto dai giovanissimi. Puoi lasciar ricadere il ciuffo di lato per un look naturale, pettinarlo all&#8217;indietro con il gel per eleganza, oppure spettinarlo per uno stile rock.<\/p>\n<\/p><\/div>\n<div class=\"schema-faq-section\" id=\"faq-question-1766587145701\">\n<h3 class=\"schema-faq-question\">Come puoi cambiare facilmente stile senza toccare i capelli?<\/h3>\n<p class=\"schema-faq-answer\">Indossare copricapi \u00e8 il modo pi\u00f9 semplice di trasformare il tuo look senza tagliare i capelli. Un cappellino da baseball aggiunge un tocco sportivo, mentre un Fedora in feltro dona un aspetto retr\u00f2 e misterioso.<\/p>\n<\/p><\/div>\n<\/p><\/div>\n","protected":false},"excerpt":{"rendered":"<p>Look da bravo ragazzo, rasato o da hipster con barba e baffi? Chi ha detto che i capelli corti sono monotoni si \u00e8 sbagliato di grosso: basta poco per dare a qualsiasi taglio corto un sapore raffinato o da &#8220;cattivo ragazzo&#8221;, militare o tenebroso. Come puoi rendere pi\u00f9 elegante un taglio rasato? Basta abbinare il [&hellip;]<\/p>\n","protected":false},"author":3366,"featured_media":10124,"comment_status":"closed","ping_status":"closed","sticky":false,"template":"","format":"standard","meta":{"_acf_changed":false,"_yoast_wpseo_title":"Tagli capelli corti uomo: stili, barba e look trendy | Treatwell","_yoast_wpseo_metadesc":"Scopri i migliori tagli corti uomo: dal rasato al doppio taglio, con suggerimenti per barba, baffi e accessori. Trova lo stile perfetto per ogni personalit\u00e0.","_genesis_hide_title":false,"_genesis_hide_breadcrumbs":false,"_genesis_hide_singular_image":false,"_genesis_hide_footer_widgets":false,"_genesis_custom_body_class":"","_genesis_custom_post_class":"","_genesis_layout":"","saswp_custom_schema_field":"","footnotes":""},"categories":[3,133],"tags":[8,19,20,21],"class_list":{"0":"post-10116","1":"post","2":"type-post","3":"status-publish","4":"format-standard","5":"has-post-thumbnail","7":"category-beauty","8":"category-uomo","9":"tag-tt6","10":"tag-tr484","11":"tag-tr721","12":"tag-tr716","13":"entry"},"acf":{"post_credits":"Image credits: Shutterstock, @stefanolaudoni, @menshair, @marianodivaio, @lucavezil, @paolofaccio","beauty_blog_post_button_title":"","beauty_blog_post_button":"","landscape_picture":10123,"blocks":[{"block_title":"Il taglio rasato","block_content":"<p>Non &egrave; tornato di moda solo perch&eacute; non se n&rsquo;&egrave; mai &ldquo;andato&rdquo;: il &quot;taglio da marine&rdquo; &egrave; un classico senza tempo, amatissimo dagli uomini. Il look militare si accentua con pantaloni cargo e felpa mimetica, ma si stempera e acquista eleganza se lo abbini a polo, giacca doppiopetto e mocassini, in puro stile college a stelle e strisce.<\/p>\n","video_content":"","block_picture":10117},{"block_title":"Il look da cattivo ragazzo","block_content":"<p>Il taglio da marine acquista un sapore street se la linea sulla nuca viene rasata disegnando un codino a V, mentre si trasforma in un &ldquo;segno&rdquo; da cattivo ragazzo se il rasoio elettrico lascia dietro l&#039;orecchio un personalissimo &ldquo;tatuaggio&rdquo; di capelli pi&ugrave; lunghi di qualche millimetro.<\/p>\n\n<p>&nbsp;<\/p>\n","video_content":"","block_picture":10118},{"block_title":"Corto e sexy","block_content":"<p>C&rsquo;&egrave; un modo infallibile per togliere a qualsiasi <a href=\"https:\/\/www.treatwell.it\/saloni\/trattamento-taglio-uomo\/offerta-tipo-locale\/in-it\/\">taglio corto<\/a>, con la riga di lato, quel sapore troppo da &ldquo;bravo ragazzo&rdquo;: la barba di tre giorni (non uno di pi&ugrave;!). &Egrave; il dettaglio pi&ugrave; sexy secondo tutte le tendenze del momento. E poi, se non fai la barba per qualche giorno aiuti la pelle a rigenerarsi.<\/p>\n\n<p>&nbsp;<\/p>\n","video_content":"","block_picture":10119},{"block_title":"Baffi e barba in stile hipster","block_content":"<p>I capelli corti si abbinano meravigliosamente a baffi e barba fluenti per creare uno dei trend pi&ugrave; di successo degli ultimi tempi: lo stile hipster, un modo di vestire ed essere che strizza l&rsquo;occhio a tendenze vintage e dandy, e porta con disinvoltura scarpe da tennis e tatuaggi tribali.<\/p>\n\n<p>&nbsp;<\/p>\n","video_content":"","block_picture":10120},{"block_title":"Il \u201cdoppio\u201d che conquista i giovanissimi","block_content":"<p>Cortissimi e sfilati dietro e ai lati, con un ciuffo lungo &quot;importante&quot;: &egrave; il &ldquo;doppio taglio&rdquo;, il pi&ugrave; richiesto dai giovanissimi. &Egrave; alla moda se il ciuffo ricade di lato, au naturel; elegante se viene pettinato all&#039;indietro con un po&rsquo; di gel; molto rock se spettinato (ad arte).<\/p>\n","video_content":"","block_picture":10121},{"block_title":"Giocare con i cappelli","block_content":"<p>Infine, c&rsquo;&egrave; un modo davvero divertente di trasformare la testa, senza toccare un solo capello: giocare con i copricapi. Un cappellino da baseball pu&ograve; regalare un tocco sportivo al tuo outfit o trasformarti in un rapper, un Fedora in feltro pu&ograve; regalare un sapore retr&ograve; al tuo look o darti un aspetto tenebroso alla Humphrey Bogart&hellip;<\/p>\n\n<p>Con <a href=\"https:\/\/www.treatwell.it\/\">Treatwell<\/a> prenoti online i trattamenti di bellezza nei tuoi saloni preferiti: &egrave; facile e veloce. <a href=\"https:\/\/www.treatwell.it\/saloni\/trattamento-taglio-uomo\/offerta-tipo-locale\/in-it\/\">Scopri i migliori saloni <\/a>della tua zona.<\/p>\n","video_content":"","block_picture":10122}]},"yoast_head":"<!-- This site is optimized with the Yoast SEO plugin v27.5 - https:\/\/yoast.com\/product\/yoast-seo-wordpress\/ -->\n<title>Tagli capelli corti uomo: stili, barba e look trendy | Treatwell<\/title>\n<meta name=\"description\" content=\"Scopri i migliori tagli corti uomo: dal rasato al doppio taglio, con suggerimenti per barba, baffi e accessori. Trova lo stile perfetto per ogni personalit\u00e0.\" \/>\n<meta name=\"robots\" content=\"index, follow, max-snippet:-1, max-image-preview:large, max-video-preview:-1\" \/>\n<link rel=\"canonical\" href=\"https:\/\/www.treatwell.it/treatment-files\/hairstyle-uomo-come-personalizzare-un-taglio-corto\/\" \/>\n<meta property=\"og:locale\" content=\"it_IT\" \/>\n<meta property=\"og:type\" content=\"article\" \/>\n<meta property=\"og:title\" content=\"Tagli capelli corti uomo: stili, barba e look trendy | Treatwell\" \/>\n<meta property=\"og:description\" content=\"Scopri i migliori tagli corti uomo: dal rasato al doppio taglio, con suggerimenti per barba, baffi e accessori. Trova lo stile perfetto per ogni personalit\u00e0.\" \/>\n<meta property=\"og:url\" content=\"https:\/\/www.treatwell.it/treatment-files\/hairstyle-uomo-come-personalizzare-un-taglio-corto\/\" \/>\n<meta property=\"og:site_name\" content=\"Treatwell magazine\" \/>\n<meta property=\"article:published_time\" content=\"2018-08-20T11:11:23+00:00\" \/>\n<meta property=\"article:modified_time\" content=\"2025-12-24T14:48:27+00:00\" \/>\n<meta property=\"og:image\" content=\"https:\/\/www.treatwell.it/treatment-files\/wp-content\/uploads\/sites\/12\/2022\/03\/rsz_screen_shot_2018-08-21_at_160204.png\" \/>\n\t<meta property=\"og:image:width\" content=\"500\" \/>\n\t<meta property=\"og:image:height\" content=\"492\" \/>\n\t<meta property=\"og:image:type\" content=\"image\/png\" \/>\n<meta name=\"author\" content=\"Beth Ryan\" \/>\n<meta name=\"twitter:card\" content=\"summary_large_image\" \/>\n<meta name=\"twitter:label1\" content=\"Scritto da\" \/>\n\t<meta name=\"twitter:data1\" content=\"Beth Ryan\" \/>\n\t<meta name=\"twitter:label2\" content=\"Tempo di lettura stimato\" \/>\n\t<meta name=\"twitter:data2\" content=\"2 minuti\" \/>\n<script type=\"application\/ld+json\" class=\"yoast-schema-graph\">{\"@context\":\"https:\\\/\\\/schema.org\",\"@graph\":[{\"@type\":\"Article\",\"@id\":\"https:\\\/\\\/www.treatwell.it/treatment-files\\\/hairstyle-uomo-come-personalizzare-un-taglio-corto\\\/#article\",\"isPartOf\":{\"@id\":\"https:\\\/\\\/www.treatwell.it/treatment-files\\\/hairstyle-uomo-come-personalizzare-un-taglio-corto\\\/\"},\"author\":{\"name\":\"Beth Ryan\",\"@id\":\"https:\\\/\\\/www.treatwell.it/treatment-files\\\/#\\\/schema\\\/person\\\/45be8f7781947e6c6d31f4b658271bf6\"},\"headline\":\"Hairstyle uomo: come personalizzare un taglio corto\",\"datePublished\":\"2018-08-20T11:11:23+00:00\",\"dateModified\":\"2025-12-24T14:48:27+00:00\",\"mainEntityOfPage\":{\"@id\":\"https:\\\/\\\/www.treatwell.it/treatment-files\\\/hairstyle-uomo-come-personalizzare-un-taglio-corto\\\/\"},\"wordCount\":322,\"publisher\":{\"@id\":\"https:\\\/\\\/www.treatwell.it/treatment-files\\\/#organization\"},\"image\":{\"@id\":\"https:\\\/\\\/www.treatwell.it/treatment-files\\\/hairstyle-uomo-come-personalizzare-un-taglio-corto\\\/#primaryimage\"},\"thumbnailUrl\":\"https:\\\/\\\/www.treatwell.it/treatment-files\\\/wp-content\\\/uploads\\\/sites\\\/12\\\/2022\\\/03\\\/rsz_screen_shot_2018-08-21_at_160204.png\",\"keywords\":[\"Hair\",\"Hair Consulting\",\"Hair Up\",\"Men's Haircuts and Hairdressing\"],\"articleSection\":[\"Beauty\",\"Uomo\"],\"inLanguage\":\"it-IT\"},{\"@type\":\"WebPage\",\"@id\":\"https:\\\/\\\/www.treatwell.it/treatment-files\\\/hairstyle-uomo-come-personalizzare-un-taglio-corto\\\/\",\"url\":\"https:\\\/\\\/www.treatwell.it/treatment-files\\\/hairstyle-uomo-come-personalizzare-un-taglio-corto\\\/\",\"name\":\"Tagli capelli corti uomo: stili, barba e look trendy | Treatwell\",\"isPartOf\":{\"@id\":\"https:\\\/\\\/www.treatwell.it/treatment-files\\\/#website\"},\"primaryImageOfPage\":{\"@id\":\"https:\\\/\\\/www.treatwell.it/treatment-files\\\/hairstyle-uomo-come-personalizzare-un-taglio-corto\\\/#primaryimage\"},\"image\":{\"@id\":\"https:\\\/\\\/www.treatwell.it/treatment-files\\\/hairstyle-uomo-come-personalizzare-un-taglio-corto\\\/#primaryimage\"},\"thumbnailUrl\":\"https:\\\/\\\/www.treatwell.it/treatment-files\\\/wp-content\\\/uploads\\\/sites\\\/12\\\/2022\\\/03\\\/rsz_screen_shot_2018-08-21_at_160204.png\",\"datePublished\":\"2018-08-20T11:11:23+00:00\",\"dateModified\":\"2025-12-24T14:48:27+00:00\",\"description\":\"Scopri i migliori tagli corti uomo: dal rasato al doppio taglio, con suggerimenti per barba, baffi e accessori. Trova lo stile perfetto per ogni personalit\u00e0.\",\"breadcrumb\":{\"@id\":\"https:\\\/\\\/www.treatwell.it/treatment-files\\\/hairstyle-uomo-come-personalizzare-un-taglio-corto\\\/#breadcrumb\"},\"inLanguage\":\"it-IT\",\"potentialAction\":[{\"@type\":\"ReadAction\",\"target\":[\"https:\\\/\\\/www.treatwell.it/treatment-files\\\/hairstyle-uomo-come-personalizzare-un-taglio-corto\\\/\"]}]},{\"@type\":\"ImageObject\",\"inLanguage\":\"it-IT\",\"@id\":\"https:\\\/\\\/www.treatwell.it/treatment-files\\\/hairstyle-uomo-come-personalizzare-un-taglio-corto\\\/#primaryimage\",\"url\":\"https:\\\/\\\/www.treatwell.it/treatment-files\\\/wp-content\\\/uploads\\\/sites\\\/12\\\/2022\\\/03\\\/rsz_screen_shot_2018-08-21_at_160204.png\",\"contentUrl\":\"https:\\\/\\\/www.treatwell.it/treatment-files\\\/wp-content\\\/uploads\\\/sites\\\/12\\\/2022\\\/03\\\/rsz_screen_shot_2018-08-21_at_160204.png\",\"width\":500,\"height\":492},{\"@type\":\"BreadcrumbList\",\"@id\":\"https:\\\/\\\/www.treatwell.it/treatment-files\\\/hairstyle-uomo-come-personalizzare-un-taglio-corto\\\/#breadcrumb\",\"itemListElement\":[{\"@type\":\"ListItem\",\"position\":1,\"name\":\"Home\",\"item\":\"https:\\\/\\\/www.treatwell.it/treatment-files\\\/\"},{\"@type\":\"ListItem\",\"position\":2,\"name\":\"Beauty\",\"item\":\"https:\\\/\\\/www.treatwell.it/treatment-files\\\/beauty\\\/\"},{\"@type\":\"ListItem\",\"position\":3,\"name\":\"Hairstyle uomo: come personalizzare un taglio corto\"}]},{\"@type\":\"WebSite\",\"@id\":\"https:\\\/\\\/www.treatwell.it/treatment-files\\\/#website\",\"url\":\"https:\\\/\\\/www.treatwell.it/treatment-files\\\/\",\"name\":\"Treatwell magazine\",\"description\":\"Bellezza. Capelli. Lifestyle.\",\"publisher\":{\"@id\":\"https:\\\/\\\/www.treatwell.it/treatment-files\\\/#organization\"},\"potentialAction\":[{\"@type\":\"SearchAction\",\"target\":{\"@type\":\"EntryPoint\",\"urlTemplate\":\"https:\\\/\\\/www.treatwell.it/treatment-files\\\/?s={search_term_string}\"},\"query-input\":{\"@type\":\"PropertyValueSpecification\",\"valueRequired\":true,\"valueName\":\"search_term_string\"}}],\"inLanguage\":\"it-IT\"},{\"@type\":\"Organization\",\"@id\":\"https:\\\/\\\/www.treatwell.it/treatment-files\\\/#organization\",\"name\":\"Treatwell\",\"url\":\"https:\\\/\\\/www.treatwell.it/treatment-files\\\/\",\"logo\":{\"@type\":\"ImageObject\",\"inLanguage\":\"it-IT\",\"@id\":\"https:\\\/\\\/www.treatwell.it/treatment-files\\\/#\\\/schema\\\/logo\\\/image\\\/\",\"url\":\"https:\\\/\\\/www.treatwell.it/treatment-files\\\/wp-content\\\/uploads\\\/sites\\\/12\\\/2022\\\/03\\\/logo_treatwell.png\",\"contentUrl\":\"https:\\\/\\\/www.treatwell.it/treatment-files\\\/wp-content\\\/uploads\\\/sites\\\/12\\\/2022\\\/03\\\/logo_treatwell.png\",\"width\":889,\"height\":164,\"caption\":\"Treatwell\"},\"image\":{\"@id\":\"https:\\\/\\\/www.treatwell.it/treatment-files\\\/#\\\/schema\\\/logo\\\/image\\\/\"}},{\"@type\":\"Person\",\"@id\":\"https:\\\/\\\/www.treatwell.it/treatment-files\\\/#\\\/schema\\\/person\\\/45be8f7781947e6c6d31f4b658271bf6\",\"name\":\"Beth Ryan\",\"image\":{\"@type\":\"ImageObject\",\"inLanguage\":\"it-IT\",\"@id\":\"https:\\\/\\\/secure.gravatar.com\\\/avatar\\\/93502c3b0591e62d75cc697ff3b5b8f47fef521e9dd0d61feb5570ae6d459200?s=96&d=mm&r=g\",\"url\":\"https:\\\/\\\/secure.gravatar.com\\\/avatar\\\/93502c3b0591e62d75cc697ff3b5b8f47fef521e9dd0d61feb5570ae6d459200?s=96&d=mm&r=g\",\"contentUrl\":\"https:\\\/\\\/secure.gravatar.com\\\/avatar\\\/93502c3b0591e62d75cc697ff3b5b8f47fef521e9dd0d61feb5570ae6d459200?s=96&d=mm&r=g\",\"caption\":\"Beth Ryan\"},\"url\":\"https:\\\/\\\/www.treatwell.it/treatment-files\\\/author\\\/bethanyryan\\\/\"}]}<\/script>\n<!-- \/ Yoast SEO plugin. -->","yoast_head_json":{"title":"Tagli capelli corti uomo: stili, barba e look trendy | Treatwell","description":"Scopri i migliori tagli corti uomo: dal rasato al doppio taglio, con suggerimenti per barba, baffi e accessori. Trova lo stile perfetto per ogni personalit\u00e0.","robots":{"index":"index","follow":"follow","max-snippet":"max-snippet:-1","max-image-preview":"max-image-preview:large","max-video-preview":"max-video-preview:-1"},"canonical":"https:\/\/www.treatwell.it/treatment-files\/hairstyle-uomo-come-personalizzare-un-taglio-corto\/","og_locale":"it_IT","og_type":"article","og_title":"Tagli capelli corti uomo: stili, barba e look trendy | Treatwell","og_description":"Scopri i migliori tagli corti uomo: dal rasato al doppio taglio, con suggerimenti per barba, baffi e accessori. Trova lo stile perfetto per ogni personalit\u00e0.","og_url":"https:\/\/www.treatwell.it/treatment-files\/hairstyle-uomo-come-personalizzare-un-taglio-corto\/","og_site_name":"Treatwell magazine","article_published_time":"2018-08-20T11:11:23+00:00","article_modified_time":"2025-12-24T14:48:27+00:00","og_image":[{"width":500,"height":492,"url":"https:\/\/www.treatwell.it/treatment-files\/wp-content\/uploads\/sites\/12\/2022\/03\/rsz_screen_shot_2018-08-21_at_160204.png","type":"image\/png"}],"author":"Beth Ryan","twitter_card":"summary_large_image","twitter_misc":{"Scritto da":"Beth Ryan","Tempo di lettura stimato":"2 minuti"},"schema":{"@context":"https:\/\/schema.org","@graph":[{"@type":"Article","@id":"https:\/\/www.treatwell.it/treatment-files\/hairstyle-uomo-come-personalizzare-un-taglio-corto\/#article","isPartOf":{"@id":"https:\/\/www.treatwell.it/treatment-files\/hairstyle-uomo-come-personalizzare-un-taglio-corto\/"},"author":{"name":"Beth Ryan","@id":"https:\/\/www.treatwell.it/treatment-files\/#\/schema\/person\/45be8f7781947e6c6d31f4b658271bf6"},"headline":"Hairstyle uomo: come personalizzare un taglio corto","datePublished":"2018-08-20T11:11:23+00:00","dateModified":"2025-12-24T14:48:27+00:00","mainEntityOfPage":{"@id":"https:\/\/www.treatwell.it/treatment-files\/hairstyle-uomo-come-personalizzare-un-taglio-corto\/"},"wordCount":322,"publisher":{"@id":"https:\/\/www.treatwell.it/treatment-files\/#organization"},"image":{"@id":"https:\/\/www.treatwell.it/treatment-files\/hairstyle-uomo-come-personalizzare-un-taglio-corto\/#primaryimage"},"thumbnailUrl":"https:\/\/www.treatwell.it/treatment-files\/wp-content\/uploads\/sites\/12\/2022\/03\/rsz_screen_shot_2018-08-21_at_160204.png","keywords":["Hair","Hair Consulting","Hair Up","Men's Haircuts and Hairdressing"],"articleSection":["Beauty","Uomo"],"inLanguage":"it-IT"},{"@type":"WebPage","@id":"https:\/\/www.treatwell.it/treatment-files\/hairstyle-uomo-come-personalizzare-un-taglio-corto\/","url":"https:\/\/www.treatwell.it/treatment-files\/hairstyle-uomo-come-personalizzare-un-taglio-corto\/","name":"Tagli capelli corti uomo: stili, barba e look trendy | Treatwell","isPartOf":{"@id":"https:\/\/www.treatwell.it/treatment-files\/#website"},"primaryImageOfPage":{"@id":"https:\/\/www.treatwell.it/treatment-files\/hairstyle-uomo-come-personalizzare-un-taglio-corto\/#primaryimage"},"image":{"@id":"https:\/\/www.treatwell.it/treatment-files\/hairstyle-uomo-come-personalizzare-un-taglio-corto\/#primaryimage"},"thumbnailUrl":"https:\/\/www.treatwell.it/treatment-files\/wp-content\/uploads\/sites\/12\/2022\/03\/rsz_screen_shot_2018-08-21_at_160204.png","datePublished":"2018-08-20T11:11:23+00:00","dateModified":"2025-12-24T14:48:27+00:00","description":"Scopri i migliori tagli corti uomo: dal rasato al doppio taglio, con suggerimenti per barba, baffi e accessori. Trova lo stile perfetto per ogni personalit\u00e0.","breadcrumb":{"@id":"https:\/\/www.treatwell.it/treatment-files\/hairstyle-uomo-come-personalizzare-un-taglio-corto\/#breadcrumb"},"inLanguage":"it-IT","potentialAction":[{"@type":"ReadAction","target":["https:\/\/www.treatwell.it/treatment-files\/hairstyle-uomo-come-personalizzare-un-taglio-corto\/"]}]},{"@type":"ImageObject","inLanguage":"it-IT","@id":"https:\/\/www.treatwell.it/treatment-files\/hairstyle-uomo-come-personalizzare-un-taglio-corto\/#primaryimage","url":"https:\/\/www.treatwell.it/treatment-files\/wp-content\/uploads\/sites\/12\/2022\/03\/rsz_screen_shot_2018-08-21_at_160204.png","contentUrl":"https:\/\/www.treatwell.it/treatment-files\/wp-content\/uploads\/sites\/12\/2022\/03\/rsz_screen_shot_2018-08-21_at_160204.png","width":500,"height":492},{"@type":"BreadcrumbList","@id":"https:\/\/www.treatwell.it/treatment-files\/hairstyle-uomo-come-personalizzare-un-taglio-corto\/#breadcrumb","itemListElement":[{"@type":"ListItem","position":1,"name":"Home","item":"https:\/\/www.treatwell.it/treatment-files\/"},{"@type":"ListItem","position":2,"name":"Beauty","item":"https:\/\/www.treatwell.it/treatment-files\/beauty\/"},{"@type":"ListItem","position":3,"name":"Hairstyle uomo: come personalizzare un taglio corto"}]},{"@type":"WebSite","@id":"https:\/\/www.treatwell.it/treatment-files\/#website","url":"https:\/\/www.treatwell.it/treatment-files\/","name":"Treatwell magazine","description":"Bellezza. Capelli. Lifestyle.","publisher":{"@id":"https:\/\/www.treatwell.it/treatment-files\/#organization"},"potentialAction":[{"@type":"SearchAction","target":{"@type":"EntryPoint","urlTemplate":"https:\/\/www.treatwell.it/treatment-files\/?s={search_term_string}"},"query-input":{"@type":"PropertyValueSpecification","valueRequired":true,"valueName":"search_term_string"}}],"inLanguage":"it-IT"},{"@type":"Organization","@id":"https:\/\/www.treatwell.it/treatment-files\/#organization","name":"Treatwell","url":"https:\/\/www.treatwell.it/treatment-files\/","logo":{"@type":"ImageObject","inLanguage":"it-IT","@id":"https:\/\/www.treatwell.it/treatment-files\/#\/schema\/logo\/image\/","url":"https:\/\/www.treatwell.it/treatment-files\/wp-content\/uploads\/sites\/12\/2022\/03\/logo_treatwell.png","contentUrl":"https:\/\/www.treatwell.it/treatment-files\/wp-content\/uploads\/sites\/12\/2022\/03\/logo_treatwell.png","width":889,"height":164,"caption":"Treatwell"},"image":{"@id":"https:\/\/www.treatwell.it/treatment-files\/#\/schema\/logo\/image\/"}},{"@type":"Person","@id":"https:\/\/www.treatwell.it/treatment-files\/#\/schema\/person\/45be8f7781947e6c6d31f4b658271bf6","name":"Beth Ryan","image":{"@type":"ImageObject","inLanguage":"it-IT","@id":"https:\/\/secure.gravatar.com\/avatar\/93502c3b0591e62d75cc697ff3b5b8f47fef521e9dd0d61feb5570ae6d459200?s=96&d=mm&r=g","url":"https:\/\/secure.gravatar.com\/avatar\/93502c3b0591e62d75cc697ff3b5b8f47fef521e9dd0d61feb5570ae6d459200?s=96&d=mm&r=g","contentUrl":"https:\/\/secure.gravatar.com\/avatar\/93502c3b0591e62d75cc697ff3b5b8f47fef521e9dd0d61feb5570ae6d459200?s=96&d=mm&r=g","caption":"Beth Ryan"},"url":"https:\/\/www.treatwell.it/treatment-files\/author\/bethanyryan\/"}]}},"featured_image_src":"https:\/\/www.treatwell.it/treatment-files\/wp-content\/uploads\/sites\/12\/2022\/03\/rsz_screen_shot_2018-08-21_at_160204-500x400.png","featured_image_src_square":"https:\/\/www.treatwell.it/treatment-files\/wp-content\/uploads\/sites\/12\/2022\/03\/rsz_screen_shot_2018-08-21_at_160204.png","author_info":{"display_name":"Beth Ryan","author_link":"https:\/\/www.treatwell.it/treatment-files\/author\/bethanyryan\/"},"_links":{"self":[{"href":"https:\/\/www.treatwell.it\/treatment-files\/wp-json\/wp\/v2\/posts\/10116","targetHints":{"allow":["GET"]}}],"collection":[{"href":"https:\/\/www.treatwell.it\/treatment-files\/wp-json\/wp\/v2\/posts"}],"about":[{"href":"https:\/\/www.treatwell.it\/treatment-files\/wp-json\/wp\/v2\/types\/post"}],"author":[{"embeddable":true,"href":"https:\/\/www.treatwell.it\/treatment-files\/wp-json\/wp\/v2\/users\/3366"}],"replies":[{"embeddable":true,"href":"https:\/\/www.treatwell.it\/treatment-files\/wp-json\/wp\/v2\/comments?post=10116"}],"version-history":[{"count":0,"href":"https:\/\/www.treatwell.it\/treatment-files\/wp-json\/wp\/v2\/posts\/10116\/revisions"}],"wp:featuredmedia":[{"embeddable":true,"href":"https:\/\/www.treatwell.it\/treatment-files\/wp-json\/wp\/v2\/media\/10124"}],"wp:attachment":[{"href":"https:\/\/www.treatwell.it\/treatment-files\/wp-json\/wp\/v2\/media?parent=10116"}],"wp:term":[{"taxonomy":"category","embeddable":true,"href":"https:\/\/www.treatwell.it\/treatment-files\/wp-json\/wp\/v2\/categories?post=10116"},{"taxonomy":"post_tag","embeddable":true,"href":"https:\/\/www.treatwell.it\/treatment-files\/wp-json\/wp\/v2\/tags?post=10116"}],"curies":[{"name":"wp","href":"https:\/\/api.w.org\/{rel}","templated":true}]}}