{"id":10444,"date":"2018-10-16T17:12:11","date_gmt":"2018-10-16T15:12:11","guid":{"rendered":"http:\/\/www.treatwell.it\/treatment-files\/?p=993"},"modified":"2025-12-24T15:48:45","modified_gmt":"2025-12-24T14:48:45","slug":"il-bob-anni-90-e-qui-per-restare","status":"publish","type":"post","link":"https:\/\/www.treatwell.it/treatment-files\/il-bob-anni-90-e-qui-per-restare\/","title":{"rendered":"Il bob anni \u201890 \u00e8 qui per restare"},"content":{"rendered":"<p><span style=\"font-weight: 400\">Il taglio corto continua a regnare incontrastato. Poca struttura, nessuna texture, solo un taglio dritto. Non serve esperienza nel saperlo gestire, perch\u00e9 richiede un bassissimo livello di manutenzione. \u00c8 il taglio di capelli senza sforzo per eccellenza. <\/span><\/p>\n<p><a href=\"https:\/\/www.treatwell.it\/treatment-files\/capelli-5-consigli-per-non-sbagliare-taglio\/\">Pu\u00f2 fare per te?<\/a> Certamente s\u00ec! \u00c8 uno stile che funziona su qualsiasi tipo di capelli. Per quelli pi\u00f9 fini, un po\u2019 di mousse passata tra le ciocche dar\u00e0 consistenza alle radici. La crema o l\u2019olio sono una buona scelta per i capelli naturalmente ricci, per aggiungere ulteriore brillantezza.<\/p>\n<p><span style=\"font-weight: 400\">\u00c8 lo stile per cui optare se sei una nostalgica dei gloriosi anni passati, o vuoi semplicemente dare un <a href=\"https:\/\/www.treatwell.it\/treatment-files\/paura-di-darci-un-taglio-preparati-a-cambiare-idea\/\">taglio<\/a> alle ingombranti lunghezze.\u00a0<\/span>Il bob ha fatto molta strada dai suoi esordi ed \u00e8 stato declinato in mille varianti. Vai dal parrucchiere con un esercito di foto da cui prendere ispirazione. Comincia da qui.<\/p>\n<div class=\"schema-faq wp-block-yoast-faq-block\">\n<div class=\"schema-faq-section\" id=\"faq-question-1766587067909\">\n<h3 class=\"schema-faq-question\">Come puoi gestire facilmente un taglio corto?<\/h3>\n<p class=\"schema-faq-answer\">Un taglio corto richiede poca manutenzione e non serve esperienza particolare per gestirlo. Questo stile si adatta facilmente alla vita quotidiana, grazie al suo design semplice e diretto senza texture o struttura.<\/p>\n<\/p><\/div>\n<div class=\"schema-faq-section\" id=\"faq-question-1766587067910\">\n<h3 class=\"schema-faq-question\">Quali prodotti puoi usare per valorizzare i capelli fini o ricci con un taglio corto?<\/h3>\n<p class=\"schema-faq-answer\">Per i capelli fini, applica un po\u2019 di mousse sulle ciocche per dare consistenza alle radici. Se invece hai capelli ricci, la crema o l\u2019olio aggiungono brillantezza e definizione alle lunghezze.<\/p>\n<\/p><\/div>\n<div class=\"schema-faq-section\" id=\"faq-question-1766587067911\">\n<h3 class=\"schema-faq-question\">Su quali tipi di capelli funziona bene il taglio corto dritto?<\/h3>\n<p class=\"schema-faq-answer\">Il taglio corto dritto si adatta a qualsiasi tipo di capelli. \u00c8 una soluzione versatile sia per capelli fini che per capelli naturalmente ricci.<\/p>\n<\/p><\/div>\n<div class=\"schema-faq-section\" id=\"faq-question-1766587067912\">\n<h3 class=\"schema-faq-question\">Quando conviene scegliere un taglio corto stile bob?<\/h3>\n<p class=\"schema-faq-answer\">Conviene scegliere un taglio corto se vuoi semplificare la routine o ti piacciono gli anni \u201890. \u00c8 ideale per dare una svolta e eliminare lunghezze ingombranti.<\/p>\n<\/p><\/div>\n<div class=\"schema-faq-section\" id=\"faq-question-1766587067913\">\n<h3 class=\"schema-faq-question\">Come puoi trovare ispirazione per un taglio corto dal parrucchiere?<\/h3>\n<p class=\"schema-faq-answer\">Porta con te foto di tagli che ti piacciono per trovare la variante di bob pi\u00f9 adatta. Avere diverse immagini di riferimento aiuta a comunicare meglio il risultato che desideri ottenere.<\/p>\n<\/p><\/div>\n<\/p><\/div>\n","protected":false},"excerpt":{"rendered":"<p>Il taglio corto continua a regnare incontrastato. Poca struttura, nessuna texture, solo un taglio dritto. Non serve esperienza nel saperlo gestire, perch\u00e9 richiede un bassissimo livello di manutenzione. \u00c8 il taglio di capelli senza sforzo per eccellenza. Pu\u00f2 fare per te? Certamente s\u00ec! \u00c8 uno stile che funziona su qualsiasi tipo di capelli. Per quelli [&hellip;]<\/p>\n","protected":false},"author":3366,"featured_media":10473,"comment_status":"closed","ping_status":"closed","sticky":false,"template":"","format":"standard","meta":{"_acf_changed":false,"_yoast_wpseo_title":"Taglio corto capelli: stile facile e versatile | Treatwell","_yoast_wpseo_metadesc":"Scopri tutti i vantaggi del taglio corto: semplice da gestire, adatto a ogni capello, poco manutentivo e perfetto per chi vuole un look pratico. Ispirati con Treatwell.","_genesis_hide_title":false,"_genesis_hide_breadcrumbs":false,"_genesis_hide_singular_image":false,"_genesis_hide_footer_widgets":false,"_genesis_custom_body_class":"","_genesis_custom_post_class":"","_genesis_layout":"","saswp_custom_schema_field":"{\"@context\":\"https:\/\/schema.org\",\"@type\":\"FAQPage\",\"mainEntity\":[{\"@type\":\"Question\",\"name\":\"Come puoi gestire facilmente un taglio corto?\",\"acceptedAnswer\":{\"@type\":\"Answer\",\"text\":\"Un taglio corto richiede poca manutenzione e non serve esperienza particolare per gestirlo. Questo stile si adatta facilmente alla vita quotidiana, grazie al suo design semplice e diretto senza texture o struttura.\"}},{\"@type\":\"Question\",\"name\":\"Quali prodotti puoi usare per valorizzare i capelli fini o ricci con un taglio corto?\",\"acceptedAnswer\":{\"@type\":\"Answer\",\"text\":\"Per i capelli fini, applica un po\u2019 di mousse sulle ciocche per dare consistenza alle radici. Se invece hai capelli ricci, la crema o l\u2019olio aggiungono brillantezza e definizione alle lunghezze.\"}},{\"@type\":\"Question\",\"name\":\"Su quali tipi di capelli funziona bene il taglio corto dritto?\",\"acceptedAnswer\":{\"@type\":\"Answer\",\"text\":\"Il taglio corto dritto si adatta a qualsiasi tipo di capelli. \u00c8 una soluzione versatile sia per capelli fini che per capelli naturalmente ricci.\"}},{\"@type\":\"Question\",\"name\":\"Quando conviene scegliere un taglio corto stile bob?\",\"acceptedAnswer\":{\"@type\":\"Answer\",\"text\":\"Conviene scegliere un taglio corto se vuoi semplificare la routine o ti piacciono gli anni \u201890. \u00c8 ideale per dare una svolta e eliminare lunghezze ingombranti.\"}},{\"@type\":\"Question\",\"name\":\"Come puoi trovare ispirazione per un taglio corto dal parrucchiere?\",\"acceptedAnswer\":{\"@type\":\"Answer\",\"text\":\"Porta con te foto di tagli che ti piacciono per trovare la variante di bob pi\u00f9 adatta. Avere diverse immagini di riferimento aiuta a comunicare meglio il risultato che desideri ottenere.\"}}]}","footnotes":""},"categories":[2],"tags":[8,11,60],"class_list":{"0":"post-10444","1":"post","2":"type-post","3":"status-publish","4":"format-standard","5":"has-post-thumbnail","7":"category-tendenze","8":"tag-tt6","9":"tag-tr166","10":"tag-tr389","11":"entry"},"acf":{"post_credits":"Image credits: Shutterstock, @_munemasa_, @byfar_official, @glossierbrown, @mesillusionssousecstasy, @byronturnbull, @adenorah, @khaki_uchino, @lifeofboheme, @saltysydney88, @dualipa, @daphnenevelge, @donikagram, @shinekim486, @taylorfitzgerald_, @whitefeatherbeauty, @mesillusionssousecstasy, @salsalhair, @glossierbrown, @givemethatthing, @ellienvm, @juliacampbellgillies, @iamlaurajackson","beauty_blog_post_button_title":"Prenota il tuo bob","beauty_blog_post_button":"https:\/\/www.treatwell.it\/saloni\/trattamento-tagli-e-piega\/offerta-tipo-locale\/in-it\/","landscape_picture":10472,"blocks":[{"block_title":"","block_content":"","video_content":"","block_picture":10445},{"block_title":"","block_content":"","video_content":"","block_picture":10446},{"block_title":"","block_content":"","video_content":"","block_picture":10447},{"block_title":"","block_content":"","video_content":"","block_picture":10448},{"block_title":"","block_content":"","video_content":"","block_picture":10449},{"block_title":"","block_content":"","video_content":"","block_picture":10450},{"block_title":"","block_content":"","video_content":"","block_picture":10451},{"block_title":"","block_content":"","video_content":"","block_picture":10452},{"block_title":"","block_content":"","video_content":"","block_picture":10453},{"block_title":"","block_content":"","video_content":"","block_picture":10454},{"block_title":"","block_content":"","video_content":"","block_picture":10455},{"block_title":"","block_content":"","video_content":"","block_picture":10456},{"block_title":"","block_content":"","video_content":"","block_picture":10457},{"block_title":"","block_content":"","video_content":"","block_picture":10458},{"block_title":"","block_content":"","video_content":"","block_picture":10459},{"block_title":"","block_content":"","video_content":"","block_picture":10460},{"block_title":"","block_content":"","video_content":"","block_picture":10461},{"block_title":"","block_content":"","video_content":"","block_picture":10462},{"block_title":"","block_content":"","video_content":"","block_picture":10463},{"block_title":"","block_content":"","video_content":"","block_picture":10464},{"block_title":"","block_content":"","video_content":"","block_picture":10465},{"block_title":"","block_content":"","video_content":"","block_picture":10466},{"block_title":"","block_content":"","video_content":"","block_picture":10467},{"block_title":"","block_content":"","video_content":"","block_picture":10468},{"block_title":"","block_content":"","video_content":"","block_picture":10469},{"block_title":"","block_content":"","video_content":"","block_picture":10470},{"block_title":"","block_content":"","video_content":"","block_picture":10471}]},"yoast_head":"<!-- This site is optimized with the Yoast SEO plugin v27.4 - https:\/\/yoast.com\/product\/yoast-seo-wordpress\/ -->\n<title>Taglio corto capelli: stile facile e versatile | Treatwell<\/title>\n<meta name=\"description\" content=\"Scopri tutti i vantaggi del taglio corto: semplice da gestire, adatto a ogni capello, poco manutentivo e perfetto per chi vuole un look pratico. Ispirati con Treatwell.\" \/>\n<meta name=\"robots\" content=\"index, follow, max-snippet:-1, max-image-preview:large, max-video-preview:-1\" \/>\n<link rel=\"canonical\" href=\"https:\/\/www.treatwell.it/treatment-files\/il-bob-anni-90-e-qui-per-restare\/\" \/>\n<meta property=\"og:locale\" content=\"it_IT\" \/>\n<meta property=\"og:type\" content=\"article\" \/>\n<meta property=\"og:title\" content=\"Taglio corto capelli: stile facile e versatile | Treatwell\" \/>\n<meta property=\"og:description\" content=\"Scopri tutti i vantaggi del taglio corto: semplice da gestire, adatto a ogni capello, poco manutentivo e perfetto per chi vuole un look pratico. Ispirati con Treatwell.\" \/>\n<meta property=\"og:url\" content=\"https:\/\/www.treatwell.it/treatment-files\/il-bob-anni-90-e-qui-per-restare\/\" \/>\n<meta property=\"og:site_name\" content=\"Treatwell magazine\" \/>\n<meta property=\"article:published_time\" content=\"2018-10-16T15:12:11+00:00\" \/>\n<meta property=\"article:modified_time\" content=\"2025-12-24T14:48:45+00:00\" \/>\n<meta property=\"og:image\" content=\"https:\/\/www.treatwell.it/treatment-files\/wp-content\/uploads\/sites\/12\/2022\/03\/bob-feature.jpg\" \/>\n\t<meta property=\"og:image:width\" content=\"500\" \/>\n\t<meta property=\"og:image:height\" content=\"600\" \/>\n\t<meta property=\"og:image:type\" content=\"image\/jpeg\" \/>\n<meta name=\"author\" content=\"Beth Ryan\" \/>\n<meta name=\"twitter:card\" content=\"summary_large_image\" \/>\n<meta name=\"twitter:label1\" content=\"Scritto da\" \/>\n\t<meta name=\"twitter:data1\" content=\"Beth Ryan\" \/>\n\t<meta name=\"twitter:label2\" content=\"Tempo di lettura stimato\" \/>\n\t<meta name=\"twitter:data2\" content=\"2 minuti\" \/>\n<script type=\"application\/ld+json\" class=\"yoast-schema-graph\">{\"@context\":\"https:\\\/\\\/schema.org\",\"@graph\":[{\"@type\":\"Article\",\"@id\":\"https:\\\/\\\/www.treatwell.it/treatment-files\\\/il-bob-anni-90-e-qui-per-restare\\\/#article\",\"isPartOf\":{\"@id\":\"https:\\\/\\\/www.treatwell.it/treatment-files\\\/il-bob-anni-90-e-qui-per-restare\\\/\"},\"author\":{\"name\":\"Beth Ryan\",\"@id\":\"https:\\\/\\\/www.treatwell.it/treatment-files\\\/#\\\/schema\\\/person\\\/45be8f7781947e6c6d31f4b658271bf6\"},\"headline\":\"Il bob anni \u201890 \u00e8 qui per restare\",\"datePublished\":\"2018-10-16T15:12:11+00:00\",\"dateModified\":\"2025-12-24T14:48:45+00:00\",\"mainEntityOfPage\":{\"@id\":\"https:\\\/\\\/www.treatwell.it/treatment-files\\\/il-bob-anni-90-e-qui-per-restare\\\/\"},\"wordCount\":336,\"publisher\":{\"@id\":\"https:\\\/\\\/www.treatwell.it/treatment-files\\\/#organization\"},\"image\":{\"@id\":\"https:\\\/\\\/www.treatwell.it/treatment-files\\\/il-bob-anni-90-e-qui-per-restare\\\/#primaryimage\"},\"thumbnailUrl\":\"https:\\\/\\\/www.treatwell.it/treatment-files\\\/wp-content\\\/uploads\\\/sites\\\/12\\\/2022\\\/03\\\/bob-feature.jpg\",\"keywords\":[\"Hair\",\"Haircuts and Hairdressing\",\"Styling\"],\"articleSection\":[\"Tendenze\"],\"inLanguage\":\"it-IT\"},{\"@type\":\"WebPage\",\"@id\":\"https:\\\/\\\/www.treatwell.it/treatment-files\\\/il-bob-anni-90-e-qui-per-restare\\\/\",\"url\":\"https:\\\/\\\/www.treatwell.it/treatment-files\\\/il-bob-anni-90-e-qui-per-restare\\\/\",\"name\":\"Taglio corto capelli: stile facile e versatile | Treatwell\",\"isPartOf\":{\"@id\":\"https:\\\/\\\/www.treatwell.it/treatment-files\\\/#website\"},\"primaryImageOfPage\":{\"@id\":\"https:\\\/\\\/www.treatwell.it/treatment-files\\\/il-bob-anni-90-e-qui-per-restare\\\/#primaryimage\"},\"image\":{\"@id\":\"https:\\\/\\\/www.treatwell.it/treatment-files\\\/il-bob-anni-90-e-qui-per-restare\\\/#primaryimage\"},\"thumbnailUrl\":\"https:\\\/\\\/www.treatwell.it/treatment-files\\\/wp-content\\\/uploads\\\/sites\\\/12\\\/2022\\\/03\\\/bob-feature.jpg\",\"datePublished\":\"2018-10-16T15:12:11+00:00\",\"dateModified\":\"2025-12-24T14:48:45+00:00\",\"description\":\"Scopri tutti i vantaggi del taglio corto: semplice da gestire, adatto a ogni capello, poco manutentivo e perfetto per chi vuole un look pratico. Ispirati con Treatwell.\",\"breadcrumb\":{\"@id\":\"https:\\\/\\\/www.treatwell.it/treatment-files\\\/il-bob-anni-90-e-qui-per-restare\\\/#breadcrumb\"},\"inLanguage\":\"it-IT\",\"potentialAction\":[{\"@type\":\"ReadAction\",\"target\":[\"https:\\\/\\\/www.treatwell.it/treatment-files\\\/il-bob-anni-90-e-qui-per-restare\\\/\"]}]},{\"@type\":\"ImageObject\",\"inLanguage\":\"it-IT\",\"@id\":\"https:\\\/\\\/www.treatwell.it/treatment-files\\\/il-bob-anni-90-e-qui-per-restare\\\/#primaryimage\",\"url\":\"https:\\\/\\\/www.treatwell.it/treatment-files\\\/wp-content\\\/uploads\\\/sites\\\/12\\\/2022\\\/03\\\/bob-feature.jpg\",\"contentUrl\":\"https:\\\/\\\/www.treatwell.it/treatment-files\\\/wp-content\\\/uploads\\\/sites\\\/12\\\/2022\\\/03\\\/bob-feature.jpg\",\"width\":500,\"height\":600},{\"@type\":\"BreadcrumbList\",\"@id\":\"https:\\\/\\\/www.treatwell.it/treatment-files\\\/il-bob-anni-90-e-qui-per-restare\\\/#breadcrumb\",\"itemListElement\":[{\"@type\":\"ListItem\",\"position\":1,\"name\":\"Home\",\"item\":\"https:\\\/\\\/www.treatwell.it/treatment-files\\\/\"},{\"@type\":\"ListItem\",\"position\":2,\"name\":\"Tendenze\",\"item\":\"https:\\\/\\\/www.treatwell.it/treatment-files\\\/tendenze\\\/\"},{\"@type\":\"ListItem\",\"position\":3,\"name\":\"Il bob anni \u201890 \u00e8 qui per restare\"}]},{\"@type\":\"WebSite\",\"@id\":\"https:\\\/\\\/www.treatwell.it/treatment-files\\\/#website\",\"url\":\"https:\\\/\\\/www.treatwell.it/treatment-files\\\/\",\"name\":\"Treatwell magazine\",\"description\":\"Bellezza. Capelli. Lifestyle.\",\"publisher\":{\"@id\":\"https:\\\/\\\/www.treatwell.it/treatment-files\\\/#organization\"},\"potentialAction\":[{\"@type\":\"SearchAction\",\"target\":{\"@type\":\"EntryPoint\",\"urlTemplate\":\"https:\\\/\\\/www.treatwell.it/treatment-files\\\/?s={search_term_string}\"},\"query-input\":{\"@type\":\"PropertyValueSpecification\",\"valueRequired\":true,\"valueName\":\"search_term_string\"}}],\"inLanguage\":\"it-IT\"},{\"@type\":\"Organization\",\"@id\":\"https:\\\/\\\/www.treatwell.it/treatment-files\\\/#organization\",\"name\":\"Treatwell\",\"url\":\"https:\\\/\\\/www.treatwell.it/treatment-files\\\/\",\"logo\":{\"@type\":\"ImageObject\",\"inLanguage\":\"it-IT\",\"@id\":\"https:\\\/\\\/www.treatwell.it/treatment-files\\\/#\\\/schema\\\/logo\\\/image\\\/\",\"url\":\"https:\\\/\\\/www.treatwell.it/treatment-files\\\/wp-content\\\/uploads\\\/sites\\\/12\\\/2022\\\/03\\\/logo_treatwell.png\",\"contentUrl\":\"https:\\\/\\\/www.treatwell.it/treatment-files\\\/wp-content\\\/uploads\\\/sites\\\/12\\\/2022\\\/03\\\/logo_treatwell.png\",\"width\":889,\"height\":164,\"caption\":\"Treatwell\"},\"image\":{\"@id\":\"https:\\\/\\\/www.treatwell.it/treatment-files\\\/#\\\/schema\\\/logo\\\/image\\\/\"}},{\"@type\":\"Person\",\"@id\":\"https:\\\/\\\/www.treatwell.it/treatment-files\\\/#\\\/schema\\\/person\\\/45be8f7781947e6c6d31f4b658271bf6\",\"name\":\"Beth Ryan\",\"image\":{\"@type\":\"ImageObject\",\"inLanguage\":\"it-IT\",\"@id\":\"https:\\\/\\\/secure.gravatar.com\\\/avatar\\\/93502c3b0591e62d75cc697ff3b5b8f47fef521e9dd0d61feb5570ae6d459200?s=96&d=mm&r=g\",\"url\":\"https:\\\/\\\/secure.gravatar.com\\\/avatar\\\/93502c3b0591e62d75cc697ff3b5b8f47fef521e9dd0d61feb5570ae6d459200?s=96&d=mm&r=g\",\"contentUrl\":\"https:\\\/\\\/secure.gravatar.com\\\/avatar\\\/93502c3b0591e62d75cc697ff3b5b8f47fef521e9dd0d61feb5570ae6d459200?s=96&d=mm&r=g\",\"caption\":\"Beth Ryan\"},\"url\":\"https:\\\/\\\/www.treatwell.it/treatment-files\\\/author\\\/bethanyryan\\\/\"}]}<\/script>\n<!-- \/ Yoast SEO plugin. -->","yoast_head_json":{"title":"Taglio corto capelli: stile facile e versatile | Treatwell","description":"Scopri tutti i vantaggi del taglio corto: semplice da gestire, adatto a ogni capello, poco manutentivo e perfetto per chi vuole un look pratico. Ispirati con Treatwell.","robots":{"index":"index","follow":"follow","max-snippet":"max-snippet:-1","max-image-preview":"max-image-preview:large","max-video-preview":"max-video-preview:-1"},"canonical":"https:\/\/www.treatwell.it/treatment-files\/il-bob-anni-90-e-qui-per-restare\/","og_locale":"it_IT","og_type":"article","og_title":"Taglio corto capelli: stile facile e versatile | Treatwell","og_description":"Scopri tutti i vantaggi del taglio corto: semplice da gestire, adatto a ogni capello, poco manutentivo e perfetto per chi vuole un look pratico. Ispirati con Treatwell.","og_url":"https:\/\/www.treatwell.it/treatment-files\/il-bob-anni-90-e-qui-per-restare\/","og_site_name":"Treatwell magazine","article_published_time":"2018-10-16T15:12:11+00:00","article_modified_time":"2025-12-24T14:48:45+00:00","og_image":[{"width":500,"height":600,"url":"https:\/\/www.treatwell.it/treatment-files\/wp-content\/uploads\/sites\/12\/2022\/03\/bob-feature.jpg","type":"image\/jpeg"}],"author":"Beth Ryan","twitter_card":"summary_large_image","twitter_misc":{"Scritto da":"Beth Ryan","Tempo di lettura stimato":"2 minuti"},"schema":{"@context":"https:\/\/schema.org","@graph":[{"@type":"Article","@id":"https:\/\/www.treatwell.it/treatment-files\/il-bob-anni-90-e-qui-per-restare\/#article","isPartOf":{"@id":"https:\/\/www.treatwell.it/treatment-files\/il-bob-anni-90-e-qui-per-restare\/"},"author":{"name":"Beth Ryan","@id":"https:\/\/www.treatwell.it/treatment-files\/#\/schema\/person\/45be8f7781947e6c6d31f4b658271bf6"},"headline":"Il bob anni \u201890 \u00e8 qui per restare","datePublished":"2018-10-16T15:12:11+00:00","dateModified":"2025-12-24T14:48:45+00:00","mainEntityOfPage":{"@id":"https:\/\/www.treatwell.it/treatment-files\/il-bob-anni-90-e-qui-per-restare\/"},"wordCount":336,"publisher":{"@id":"https:\/\/www.treatwell.it/treatment-files\/#organization"},"image":{"@id":"https:\/\/www.treatwell.it/treatment-files\/il-bob-anni-90-e-qui-per-restare\/#primaryimage"},"thumbnailUrl":"https:\/\/www.treatwell.it/treatment-files\/wp-content\/uploads\/sites\/12\/2022\/03\/bob-feature.jpg","keywords":["Hair","Haircuts and Hairdressing","Styling"],"articleSection":["Tendenze"],"inLanguage":"it-IT"},{"@type":"WebPage","@id":"https:\/\/www.treatwell.it/treatment-files\/il-bob-anni-90-e-qui-per-restare\/","url":"https:\/\/www.treatwell.it/treatment-files\/il-bob-anni-90-e-qui-per-restare\/","name":"Taglio corto capelli: stile facile e versatile | Treatwell","isPartOf":{"@id":"https:\/\/www.treatwell.it/treatment-files\/#website"},"primaryImageOfPage":{"@id":"https:\/\/www.treatwell.it/treatment-files\/il-bob-anni-90-e-qui-per-restare\/#primaryimage"},"image":{"@id":"https:\/\/www.treatwell.it/treatment-files\/il-bob-anni-90-e-qui-per-restare\/#primaryimage"},"thumbnailUrl":"https:\/\/www.treatwell.it/treatment-files\/wp-content\/uploads\/sites\/12\/2022\/03\/bob-feature.jpg","datePublished":"2018-10-16T15:12:11+00:00","dateModified":"2025-12-24T14:48:45+00:00","description":"Scopri tutti i vantaggi del taglio corto: semplice da gestire, adatto a ogni capello, poco manutentivo e perfetto per chi vuole un look pratico. Ispirati con Treatwell.","breadcrumb":{"@id":"https:\/\/www.treatwell.it/treatment-files\/il-bob-anni-90-e-qui-per-restare\/#breadcrumb"},"inLanguage":"it-IT","potentialAction":[{"@type":"ReadAction","target":["https:\/\/www.treatwell.it/treatment-files\/il-bob-anni-90-e-qui-per-restare\/"]}]},{"@type":"ImageObject","inLanguage":"it-IT","@id":"https:\/\/www.treatwell.it/treatment-files\/il-bob-anni-90-e-qui-per-restare\/#primaryimage","url":"https:\/\/www.treatwell.it/treatment-files\/wp-content\/uploads\/sites\/12\/2022\/03\/bob-feature.jpg","contentUrl":"https:\/\/www.treatwell.it/treatment-files\/wp-content\/uploads\/sites\/12\/2022\/03\/bob-feature.jpg","width":500,"height":600},{"@type":"BreadcrumbList","@id":"https:\/\/www.treatwell.it/treatment-files\/il-bob-anni-90-e-qui-per-restare\/#breadcrumb","itemListElement":[{"@type":"ListItem","position":1,"name":"Home","item":"https:\/\/www.treatwell.it/treatment-files\/"},{"@type":"ListItem","position":2,"name":"Tendenze","item":"https:\/\/www.treatwell.it/treatment-files\/tendenze\/"},{"@type":"ListItem","position":3,"name":"Il bob anni \u201890 \u00e8 qui per restare"}]},{"@type":"WebSite","@id":"https:\/\/www.treatwell.it/treatment-files\/#website","url":"https:\/\/www.treatwell.it/treatment-files\/","name":"Treatwell magazine","description":"Bellezza. Capelli. Lifestyle.","publisher":{"@id":"https:\/\/www.treatwell.it/treatment-files\/#organization"},"potentialAction":[{"@type":"SearchAction","target":{"@type":"EntryPoint","urlTemplate":"https:\/\/www.treatwell.it/treatment-files\/?s={search_term_string}"},"query-input":{"@type":"PropertyValueSpecification","valueRequired":true,"valueName":"search_term_string"}}],"inLanguage":"it-IT"},{"@type":"Organization","@id":"https:\/\/www.treatwell.it/treatment-files\/#organization","name":"Treatwell","url":"https:\/\/www.treatwell.it/treatment-files\/","logo":{"@type":"ImageObject","inLanguage":"it-IT","@id":"https:\/\/www.treatwell.it/treatment-files\/#\/schema\/logo\/image\/","url":"https:\/\/www.treatwell.it/treatment-files\/wp-content\/uploads\/sites\/12\/2022\/03\/logo_treatwell.png","contentUrl":"https:\/\/www.treatwell.it/treatment-files\/wp-content\/uploads\/sites\/12\/2022\/03\/logo_treatwell.png","width":889,"height":164,"caption":"Treatwell"},"image":{"@id":"https:\/\/www.treatwell.it/treatment-files\/#\/schema\/logo\/image\/"}},{"@type":"Person","@id":"https:\/\/www.treatwell.it/treatment-files\/#\/schema\/person\/45be8f7781947e6c6d31f4b658271bf6","name":"Beth Ryan","image":{"@type":"ImageObject","inLanguage":"it-IT","@id":"https:\/\/secure.gravatar.com\/avatar\/93502c3b0591e62d75cc697ff3b5b8f47fef521e9dd0d61feb5570ae6d459200?s=96&d=mm&r=g","url":"https:\/\/secure.gravatar.com\/avatar\/93502c3b0591e62d75cc697ff3b5b8f47fef521e9dd0d61feb5570ae6d459200?s=96&d=mm&r=g","contentUrl":"https:\/\/secure.gravatar.com\/avatar\/93502c3b0591e62d75cc697ff3b5b8f47fef521e9dd0d61feb5570ae6d459200?s=96&d=mm&r=g","caption":"Beth Ryan"},"url":"https:\/\/www.treatwell.it/treatment-files\/author\/bethanyryan\/"}]}},"featured_image_src":"https:\/\/www.treatwell.it/treatment-files\/wp-content\/uploads\/sites\/12\/2022\/03\/bob-feature-500x400.jpg","featured_image_src_square":"https:\/\/www.treatwell.it/treatment-files\/wp-content\/uploads\/sites\/12\/2022\/03\/bob-feature.jpg","author_info":{"display_name":"Beth Ryan","author_link":"https:\/\/www.treatwell.it/treatment-files\/author\/bethanyryan\/"},"_links":{"self":[{"href":"https:\/\/www.treatwell.it\/treatment-files\/wp-json\/wp\/v2\/posts\/10444","targetHints":{"allow":["GET"]}}],"collection":[{"href":"https:\/\/www.treatwell.it\/treatment-files\/wp-json\/wp\/v2\/posts"}],"about":[{"href":"https:\/\/www.treatwell.it\/treatment-files\/wp-json\/wp\/v2\/types\/post"}],"author":[{"embeddable":true,"href":"https:\/\/www.treatwell.it\/treatment-files\/wp-json\/wp\/v2\/users\/3366"}],"replies":[{"embeddable":true,"href":"https:\/\/www.treatwell.it\/treatment-files\/wp-json\/wp\/v2\/comments?post=10444"}],"version-history":[{"count":0,"href":"https:\/\/www.treatwell.it\/treatment-files\/wp-json\/wp\/v2\/posts\/10444\/revisions"}],"wp:featuredmedia":[{"embeddable":true,"href":"https:\/\/www.treatwell.it\/treatment-files\/wp-json\/wp\/v2\/media\/10473"}],"wp:attachment":[{"href":"https:\/\/www.treatwell.it\/treatment-files\/wp-json\/wp\/v2\/media?parent=10444"}],"wp:term":[{"taxonomy":"category","embeddable":true,"href":"https:\/\/www.treatwell.it\/treatment-files\/wp-json\/wp\/v2\/categories?post=10444"},{"taxonomy":"post_tag","embeddable":true,"href":"https:\/\/www.treatwell.it\/treatment-files\/wp-json\/wp\/v2\/tags?post=10444"}],"curies":[{"name":"wp","href":"https:\/\/api.w.org\/{rel}","templated":true}]}}