{"id":11136,"date":"2019-04-15T15:06:10","date_gmt":"2019-04-15T13:06:10","guid":{"rendered":"http:\/\/www.treatwell.it\/treatment-files\/?p=3151"},"modified":"2025-12-24T15:49:33","modified_gmt":"2025-12-24T14:49:33","slug":"taglia-la-barba-e-fai-crescere-i-baffi","status":"publish","type":"post","link":"https:\/\/www.treatwell.it/treatment-files\/taglia-la-barba-e-fai-crescere-i-baffi\/","title":{"rendered":"Taglia la barba e fai crescere i baffi"},"content":{"rendered":"<p>Stufo dello stile hipster? La barba \u00e8 stata assoluta protagonista negli ultimi tempi, ma \u00e8 finalmente arrivata la rivincita dei baffi. \u00c8 il loro momento. Donano molto, danno un\u2019allure di mistero e sono un buon compromesso nei casi in cui la rasatura totale del viso sembri un po&#8217; troppo. Pieno alla Tom Selleck dei tempi di Magnum P.I., sottile alla Dal\u00ec, il baffo \u00e8 il nuovo accessorio maschile che piace. <\/p>\n<p>Ragazzi, avete finalmente preso la decisione di far crescere i baffi? Ottimo! Siate per\u00f2 consapevoli che non basta non radersi per qualche mese: bisogna pensare allo stile che fa per voi o che vi si addice meglio. Vediamo se riusciamo a darvi una mano. Abbiamo selezionato alcuni dei nostri stili preferiti, cos\u00ec potrai mostrare queste foto al prossimo appuntamento dal barbiere. Chiss\u00e0, tra questi potrebbe esserci il tuo prossimo look\u2026<\/p>\n<div class=\"schema-faq wp-block-yoast-faq-block\">\n<div class=\"schema-faq-section\" id=\"faq-question-1766586845685\">\n<h3 class=\"schema-faq-question\">Come puoi scegliere lo stile di baffi pi\u00f9 adatto a te?<\/h3>\n<p class=\"schema-faq-answer\">La scelta dello stile dei baffi dipende dal look che vuoi ottenere e dalla forma del tuo viso. Non basta lasciarli crescere, ma \u00e8 importante pensare a quale stile si adatta meglio. Puoi mostrare al barbiere le foto degli stili che preferisci per trovare il look ideale.<\/p>\n<\/p><\/div>\n<div class=\"schema-faq-section\" id=\"faq-question-1766586845686\">\n<h3 class=\"schema-faq-question\">Puoi lasciar crescere i baffi senza fare nulla?<\/h3>\n<p class=\"schema-faq-answer\">Non basta smettere di radersi per avere baffi curati e di tendenza. Scegliere uno stile e prendersene cura \u00e8 fondamentale per ottenere un risultato che valorizzi davvero il viso. Mostrare esempi al barbiere aiuta a definire meglio il proprio look.<\/p>\n<\/p><\/div>\n<div class=\"schema-faq-section\" id=\"faq-question-1766586845687\">\n<h3 class=\"schema-faq-question\">Quali sono alcuni stili di baffi pi\u00f9 apprezzati attualmente?<\/h3>\n<p class=\"schema-faq-answer\">Tra gli stili di baffi pi\u00f9 apprezzati ci sono il baffo pieno alla Tom Selleck e quello sottile alla Dal\u00ec. I baffi stanno diventando sempre pi\u00f9 un accessorio di tendenza per chi vuole distinguersi. Ogni stile offre un carattere diverso e pu\u00f2 donare un\u2019allure di mistero.<\/p>\n<\/p><\/div>\n<div class=\"schema-faq-section\" id=\"faq-question-1766586845688\">\n<h3 class=\"schema-faq-question\">Quando conviene scegliere i baffi invece della barba o del viso rasato?<\/h3>\n<p class=\"schema-faq-answer\">I baffi sono una scelta perfetta quando la rasatura totale sembra eccessiva, ma si cerca comunque un cambio di look. Offrono un ottimo compromesso tra barba piena e viso completamente rasato. Donano un tocco di personalit\u00e0 e immediato carattere al volto.<\/p>\n<\/p><\/div>\n<\/p><\/div>\n","protected":false},"excerpt":{"rendered":"<p>Stufo dello stile hipster? La barba \u00e8 stata assoluta protagonista negli ultimi tempi, ma \u00e8 finalmente arrivata la rivincita dei baffi. \u00c8 il loro momento. Donano molto, danno un\u2019allure di mistero e sono un buon compromesso nei casi in cui la rasatura totale del viso sembri un po&#8217; troppo. Pieno alla Tom Selleck dei tempi [&hellip;]<\/p>\n","protected":false},"author":3366,"featured_media":11162,"comment_status":"closed","ping_status":"closed","sticky":false,"template":"","format":"standard","meta":{"_acf_changed":false,"_yoast_wpseo_title":"Stili baffi uomo: idee, consigli e ispirazione | Guida Completa","_yoast_wpseo_metadesc":"Scopri i migliori stili di baffi per uomo, dai look pieni ai baffi sottili. Trova ispirazione e consigli utili per scegliere il baffo che ti valorizza davvero.","_genesis_hide_title":false,"_genesis_hide_breadcrumbs":false,"_genesis_hide_singular_image":false,"_genesis_hide_footer_widgets":false,"_genesis_custom_body_class":"","_genesis_custom_post_class":"","_genesis_layout":"","saswp_custom_schema_field":"{\"@context\":\"https:\/\/schema.org\",\"@type\":\"FAQPage\",\"mainEntity\":[{\"@type\":\"Question\",\"name\":\"Come puoi scegliere lo stile di baffi pi\u00f9 adatto a te?\",\"acceptedAnswer\":{\"@type\":\"Answer\",\"text\":\"La scelta dello stile dei baffi dipende dal look che vuoi ottenere e dalla forma del tuo viso. Non basta lasciarli crescere, ma \u00e8 importante pensare a quale stile si adatta meglio. Puoi mostrare al barbiere le foto degli stili che preferisci per trovare il look ideale.\"}},{\"@type\":\"Question\",\"name\":\"Puoi lasciar crescere i baffi senza fare nulla?\",\"acceptedAnswer\":{\"@type\":\"Answer\",\"text\":\"Non basta smettere di radersi per avere baffi curati e di tendenza. Scegliere uno stile e prendersene cura \u00e8 fondamentale per ottenere un risultato che valorizzi davvero il viso. Mostrare esempi al barbiere aiuta a definire meglio il proprio look.\"}},{\"@type\":\"Question\",\"name\":\"Quali sono alcuni stili di baffi pi\u00f9 apprezzati attualmente?\",\"acceptedAnswer\":{\"@type\":\"Answer\",\"text\":\"Tra gli stili di baffi pi\u00f9 apprezzati ci sono il baffo pieno alla Tom Selleck e quello sottile alla Dal\u00ec. I baffi stanno diventando sempre pi\u00f9 un accessorio di tendenza per chi vuole distinguersi. Ogni stile offre un carattere diverso e pu\u00f2 donare un\u2019allure di mistero.\"}},{\"@type\":\"Question\",\"name\":\"Quando conviene scegliere i baffi invece della barba o del viso rasato?\",\"acceptedAnswer\":{\"@type\":\"Answer\",\"text\":\"I baffi sono una scelta perfetta quando la rasatura totale sembra eccessiva, ma si cerca comunque un cambio di look. Offrono un ottimo compromesso tra barba piena e viso completamente rasato. Donano un tocco di personalit\u00e0 e immediato carattere al volto.\"}}]}","footnotes":""},"categories":[2,133],"tags":[81,63],"class_list":{"0":"post-11136","1":"post","2":"type-post","3":"status-publish","4":"format-standard","5":"has-post-thumbnail","7":"category-tendenze","8":"category-uomo","9":"tag-vt43","10":"tag-tr164","11":"entry"},"acf":{"post_credits":"Image credits: Shutterstock, @muchhan_wala_gabru, @nokwal, @dawiid83, @gentsoflondon, @ruffians, @tedsgroomingroom, @thy-barber, @wez__jones, @winai_classic, @frank_glorified, @stephdehaas, @joshuakanebespoke, @therealjimmyq, @franzmartino, @henrythebrave, @roteliebe, @thesmoothiemen, @der_schwander, @steve.the.baron","beauty_blog_post_button_title":"Vai dal barbiere","beauty_blog_post_button":"https:\/\/www.treatwell.it\/saloni\/trattamento-taglio-e-rasatura-barba\/offerta-tipo-locale\/in-it\/","landscape_picture":11161,"blocks":[{"block_title":"","block_content":"","video_content":"","block_picture":11137},{"block_title":"","block_content":"","video_content":"","block_picture":11138},{"block_title":"","block_content":"","video_content":"","block_picture":11139},{"block_title":"","block_content":"","video_content":"","block_picture":11140},{"block_title":"","block_content":"","video_content":"","block_picture":11141},{"block_title":"","block_content":"","video_content":"","block_picture":11142},{"block_title":"","block_content":"","video_content":"","block_picture":11143},{"block_title":"","block_content":"","video_content":"","block_picture":11144},{"block_title":"","block_content":"","video_content":"","block_picture":11145},{"block_title":"","block_content":"","video_content":"","block_picture":11146},{"block_title":"","block_content":"","video_content":"","block_picture":11147},{"block_title":"","block_content":"","video_content":"","block_picture":11148},{"block_title":"","block_content":"","video_content":"","block_picture":11149},{"block_title":"","block_content":"","video_content":"","block_picture":11150},{"block_title":"","block_content":"","video_content":"","block_picture":11151},{"block_title":"","block_content":"","video_content":"","block_picture":11152},{"block_title":"","block_content":"","video_content":"","block_picture":11153},{"block_title":"","block_content":"","video_content":"","block_picture":11154},{"block_title":"","block_content":"","video_content":"","block_picture":11155},{"block_title":"","block_content":"","video_content":"","block_picture":11156},{"block_title":"","block_content":"","video_content":"","block_picture":11157},{"block_title":"","block_content":"","video_content":"","block_picture":11158},{"block_title":"","block_content":"","video_content":"","block_picture":11159},{"block_title":"","block_content":"","video_content":"","block_picture":11160}]},"yoast_head":"<!-- This site is optimized with the Yoast SEO plugin v27.4 - https:\/\/yoast.com\/product\/yoast-seo-wordpress\/ -->\n<title>Stili baffi uomo: idee, consigli e ispirazione | Guida Completa<\/title>\n<meta name=\"description\" content=\"Scopri i migliori stili di baffi per uomo, dai look pieni ai baffi sottili. Trova ispirazione e consigli utili per scegliere il baffo che ti valorizza davvero.\" \/>\n<meta name=\"robots\" content=\"index, follow, max-snippet:-1, max-image-preview:large, max-video-preview:-1\" \/>\n<link rel=\"canonical\" href=\"https:\/\/www.treatwell.it/treatment-files\/taglia-la-barba-e-fai-crescere-i-baffi\/\" \/>\n<meta property=\"og:locale\" content=\"it_IT\" \/>\n<meta property=\"og:type\" content=\"article\" \/>\n<meta property=\"og:title\" content=\"Stili baffi uomo: idee, consigli e ispirazione | Guida Completa\" \/>\n<meta property=\"og:description\" content=\"Scopri i migliori stili di baffi per uomo, dai look pieni ai baffi sottili. Trova ispirazione e consigli utili per scegliere il baffo che ti valorizza davvero.\" \/>\n<meta property=\"og:url\" content=\"https:\/\/www.treatwell.it/treatment-files\/taglia-la-barba-e-fai-crescere-i-baffi\/\" \/>\n<meta property=\"og:site_name\" content=\"Treatwell magazine\" \/>\n<meta property=\"article:published_time\" content=\"2019-04-15T13:06:10+00:00\" \/>\n<meta property=\"article:modified_time\" content=\"2025-12-24T14:49:33+00:00\" \/>\n<meta property=\"og:image\" content=\"https:\/\/www.treatwell.it/treatment-files\/wp-content\/uploads\/sites\/12\/2022\/03\/Screen-Shot-2018-11-08-at-16.57.32-1.png\" \/>\n\t<meta property=\"og:image:width\" content=\"471\" \/>\n\t<meta property=\"og:image:height\" content=\"589\" \/>\n\t<meta property=\"og:image:type\" content=\"image\/png\" \/>\n<meta name=\"author\" content=\"Beth Ryan\" \/>\n<meta name=\"twitter:card\" content=\"summary_large_image\" \/>\n<meta name=\"twitter:label1\" content=\"Scritto da\" \/>\n\t<meta name=\"twitter:data1\" content=\"Beth Ryan\" \/>\n\t<meta name=\"twitter:label2\" content=\"Tempo di lettura stimato\" \/>\n\t<meta name=\"twitter:data2\" content=\"2 minuti\" \/>\n<script type=\"application\/ld+json\" class=\"yoast-schema-graph\">{\"@context\":\"https:\\\/\\\/schema.org\",\"@graph\":[{\"@type\":\"Article\",\"@id\":\"https:\\\/\\\/www.treatwell.it/treatment-files\\\/taglia-la-barba-e-fai-crescere-i-baffi\\\/#article\",\"isPartOf\":{\"@id\":\"https:\\\/\\\/www.treatwell.it/treatment-files\\\/taglia-la-barba-e-fai-crescere-i-baffi\\\/\"},\"author\":{\"name\":\"Beth Ryan\",\"@id\":\"https:\\\/\\\/www.treatwell.it/treatment-files\\\/#\\\/schema\\\/person\\\/45be8f7781947e6c6d31f4b658271bf6\"},\"headline\":\"Taglia la barba e fai crescere i baffi\",\"datePublished\":\"2019-04-15T13:06:10+00:00\",\"dateModified\":\"2025-12-24T14:49:33+00:00\",\"mainEntityOfPage\":{\"@id\":\"https:\\\/\\\/www.treatwell.it/treatment-files\\\/taglia-la-barba-e-fai-crescere-i-baffi\\\/\"},\"wordCount\":359,\"publisher\":{\"@id\":\"https:\\\/\\\/www.treatwell.it/treatment-files\\\/#organization\"},\"image\":{\"@id\":\"https:\\\/\\\/www.treatwell.it/treatment-files\\\/taglia-la-barba-e-fai-crescere-i-baffi\\\/#primaryimage\"},\"thumbnailUrl\":\"https:\\\/\\\/www.treatwell.it/treatment-files\\\/wp-content\\\/uploads\\\/sites\\\/12\\\/2022\\\/03\\\/Screen-Shot-2018-11-08-at-16.57.32-1.png\",\"keywords\":[\"Barbershop\",\"Men's Shaving\"],\"articleSection\":[\"Tendenze\",\"Uomo\"],\"inLanguage\":\"it-IT\"},{\"@type\":\"WebPage\",\"@id\":\"https:\\\/\\\/www.treatwell.it/treatment-files\\\/taglia-la-barba-e-fai-crescere-i-baffi\\\/\",\"url\":\"https:\\\/\\\/www.treatwell.it/treatment-files\\\/taglia-la-barba-e-fai-crescere-i-baffi\\\/\",\"name\":\"Stili baffi uomo: idee, consigli e ispirazione | Guida Completa\",\"isPartOf\":{\"@id\":\"https:\\\/\\\/www.treatwell.it/treatment-files\\\/#website\"},\"primaryImageOfPage\":{\"@id\":\"https:\\\/\\\/www.treatwell.it/treatment-files\\\/taglia-la-barba-e-fai-crescere-i-baffi\\\/#primaryimage\"},\"image\":{\"@id\":\"https:\\\/\\\/www.treatwell.it/treatment-files\\\/taglia-la-barba-e-fai-crescere-i-baffi\\\/#primaryimage\"},\"thumbnailUrl\":\"https:\\\/\\\/www.treatwell.it/treatment-files\\\/wp-content\\\/uploads\\\/sites\\\/12\\\/2022\\\/03\\\/Screen-Shot-2018-11-08-at-16.57.32-1.png\",\"datePublished\":\"2019-04-15T13:06:10+00:00\",\"dateModified\":\"2025-12-24T14:49:33+00:00\",\"description\":\"Scopri i migliori stili di baffi per uomo, dai look pieni ai baffi sottili. Trova ispirazione e consigli utili per scegliere il baffo che ti valorizza davvero.\",\"breadcrumb\":{\"@id\":\"https:\\\/\\\/www.treatwell.it/treatment-files\\\/taglia-la-barba-e-fai-crescere-i-baffi\\\/#breadcrumb\"},\"inLanguage\":\"it-IT\",\"potentialAction\":[{\"@type\":\"ReadAction\",\"target\":[\"https:\\\/\\\/www.treatwell.it/treatment-files\\\/taglia-la-barba-e-fai-crescere-i-baffi\\\/\"]}]},{\"@type\":\"ImageObject\",\"inLanguage\":\"it-IT\",\"@id\":\"https:\\\/\\\/www.treatwell.it/treatment-files\\\/taglia-la-barba-e-fai-crescere-i-baffi\\\/#primaryimage\",\"url\":\"https:\\\/\\\/www.treatwell.it/treatment-files\\\/wp-content\\\/uploads\\\/sites\\\/12\\\/2022\\\/03\\\/Screen-Shot-2018-11-08-at-16.57.32-1.png\",\"contentUrl\":\"https:\\\/\\\/www.treatwell.it/treatment-files\\\/wp-content\\\/uploads\\\/sites\\\/12\\\/2022\\\/03\\\/Screen-Shot-2018-11-08-at-16.57.32-1.png\",\"width\":471,\"height\":589},{\"@type\":\"BreadcrumbList\",\"@id\":\"https:\\\/\\\/www.treatwell.it/treatment-files\\\/taglia-la-barba-e-fai-crescere-i-baffi\\\/#breadcrumb\",\"itemListElement\":[{\"@type\":\"ListItem\",\"position\":1,\"name\":\"Home\",\"item\":\"https:\\\/\\\/www.treatwell.it/treatment-files\\\/\"},{\"@type\":\"ListItem\",\"position\":2,\"name\":\"Tendenze\",\"item\":\"https:\\\/\\\/www.treatwell.it/treatment-files\\\/tendenze\\\/\"},{\"@type\":\"ListItem\",\"position\":3,\"name\":\"Taglia la barba e fai crescere i baffi\"}]},{\"@type\":\"WebSite\",\"@id\":\"https:\\\/\\\/www.treatwell.it/treatment-files\\\/#website\",\"url\":\"https:\\\/\\\/www.treatwell.it/treatment-files\\\/\",\"name\":\"Treatwell magazine\",\"description\":\"Bellezza. Capelli. Lifestyle.\",\"publisher\":{\"@id\":\"https:\\\/\\\/www.treatwell.it/treatment-files\\\/#organization\"},\"potentialAction\":[{\"@type\":\"SearchAction\",\"target\":{\"@type\":\"EntryPoint\",\"urlTemplate\":\"https:\\\/\\\/www.treatwell.it/treatment-files\\\/?s={search_term_string}\"},\"query-input\":{\"@type\":\"PropertyValueSpecification\",\"valueRequired\":true,\"valueName\":\"search_term_string\"}}],\"inLanguage\":\"it-IT\"},{\"@type\":\"Organization\",\"@id\":\"https:\\\/\\\/www.treatwell.it/treatment-files\\\/#organization\",\"name\":\"Treatwell\",\"url\":\"https:\\\/\\\/www.treatwell.it/treatment-files\\\/\",\"logo\":{\"@type\":\"ImageObject\",\"inLanguage\":\"it-IT\",\"@id\":\"https:\\\/\\\/www.treatwell.it/treatment-files\\\/#\\\/schema\\\/logo\\\/image\\\/\",\"url\":\"https:\\\/\\\/www.treatwell.it/treatment-files\\\/wp-content\\\/uploads\\\/sites\\\/12\\\/2022\\\/03\\\/logo_treatwell.png\",\"contentUrl\":\"https:\\\/\\\/www.treatwell.it/treatment-files\\\/wp-content\\\/uploads\\\/sites\\\/12\\\/2022\\\/03\\\/logo_treatwell.png\",\"width\":889,\"height\":164,\"caption\":\"Treatwell\"},\"image\":{\"@id\":\"https:\\\/\\\/www.treatwell.it/treatment-files\\\/#\\\/schema\\\/logo\\\/image\\\/\"}},{\"@type\":\"Person\",\"@id\":\"https:\\\/\\\/www.treatwell.it/treatment-files\\\/#\\\/schema\\\/person\\\/45be8f7781947e6c6d31f4b658271bf6\",\"name\":\"Beth Ryan\",\"image\":{\"@type\":\"ImageObject\",\"inLanguage\":\"it-IT\",\"@id\":\"https:\\\/\\\/secure.gravatar.com\\\/avatar\\\/93502c3b0591e62d75cc697ff3b5b8f47fef521e9dd0d61feb5570ae6d459200?s=96&d=mm&r=g\",\"url\":\"https:\\\/\\\/secure.gravatar.com\\\/avatar\\\/93502c3b0591e62d75cc697ff3b5b8f47fef521e9dd0d61feb5570ae6d459200?s=96&d=mm&r=g\",\"contentUrl\":\"https:\\\/\\\/secure.gravatar.com\\\/avatar\\\/93502c3b0591e62d75cc697ff3b5b8f47fef521e9dd0d61feb5570ae6d459200?s=96&d=mm&r=g\",\"caption\":\"Beth Ryan\"},\"url\":\"https:\\\/\\\/www.treatwell.it/treatment-files\\\/author\\\/bethanyryan\\\/\"}]}<\/script>\n<!-- \/ Yoast SEO plugin. -->","yoast_head_json":{"title":"Stili baffi uomo: idee, consigli e ispirazione | Guida Completa","description":"Scopri i migliori stili di baffi per uomo, dai look pieni ai baffi sottili. Trova ispirazione e consigli utili per scegliere il baffo che ti valorizza davvero.","robots":{"index":"index","follow":"follow","max-snippet":"max-snippet:-1","max-image-preview":"max-image-preview:large","max-video-preview":"max-video-preview:-1"},"canonical":"https:\/\/www.treatwell.it/treatment-files\/taglia-la-barba-e-fai-crescere-i-baffi\/","og_locale":"it_IT","og_type":"article","og_title":"Stili baffi uomo: idee, consigli e ispirazione | Guida Completa","og_description":"Scopri i migliori stili di baffi per uomo, dai look pieni ai baffi sottili. Trova ispirazione e consigli utili per scegliere il baffo che ti valorizza davvero.","og_url":"https:\/\/www.treatwell.it/treatment-files\/taglia-la-barba-e-fai-crescere-i-baffi\/","og_site_name":"Treatwell magazine","article_published_time":"2019-04-15T13:06:10+00:00","article_modified_time":"2025-12-24T14:49:33+00:00","og_image":[{"width":471,"height":589,"url":"https:\/\/www.treatwell.it/treatment-files\/wp-content\/uploads\/sites\/12\/2022\/03\/Screen-Shot-2018-11-08-at-16.57.32-1.png","type":"image\/png"}],"author":"Beth Ryan","twitter_card":"summary_large_image","twitter_misc":{"Scritto da":"Beth Ryan","Tempo di lettura stimato":"2 minuti"},"schema":{"@context":"https:\/\/schema.org","@graph":[{"@type":"Article","@id":"https:\/\/www.treatwell.it/treatment-files\/taglia-la-barba-e-fai-crescere-i-baffi\/#article","isPartOf":{"@id":"https:\/\/www.treatwell.it/treatment-files\/taglia-la-barba-e-fai-crescere-i-baffi\/"},"author":{"name":"Beth Ryan","@id":"https:\/\/www.treatwell.it/treatment-files\/#\/schema\/person\/45be8f7781947e6c6d31f4b658271bf6"},"headline":"Taglia la barba e fai crescere i baffi","datePublished":"2019-04-15T13:06:10+00:00","dateModified":"2025-12-24T14:49:33+00:00","mainEntityOfPage":{"@id":"https:\/\/www.treatwell.it/treatment-files\/taglia-la-barba-e-fai-crescere-i-baffi\/"},"wordCount":359,"publisher":{"@id":"https:\/\/www.treatwell.it/treatment-files\/#organization"},"image":{"@id":"https:\/\/www.treatwell.it/treatment-files\/taglia-la-barba-e-fai-crescere-i-baffi\/#primaryimage"},"thumbnailUrl":"https:\/\/www.treatwell.it/treatment-files\/wp-content\/uploads\/sites\/12\/2022\/03\/Screen-Shot-2018-11-08-at-16.57.32-1.png","keywords":["Barbershop","Men's Shaving"],"articleSection":["Tendenze","Uomo"],"inLanguage":"it-IT"},{"@type":"WebPage","@id":"https:\/\/www.treatwell.it/treatment-files\/taglia-la-barba-e-fai-crescere-i-baffi\/","url":"https:\/\/www.treatwell.it/treatment-files\/taglia-la-barba-e-fai-crescere-i-baffi\/","name":"Stili baffi uomo: idee, consigli e ispirazione | Guida Completa","isPartOf":{"@id":"https:\/\/www.treatwell.it/treatment-files\/#website"},"primaryImageOfPage":{"@id":"https:\/\/www.treatwell.it/treatment-files\/taglia-la-barba-e-fai-crescere-i-baffi\/#primaryimage"},"image":{"@id":"https:\/\/www.treatwell.it/treatment-files\/taglia-la-barba-e-fai-crescere-i-baffi\/#primaryimage"},"thumbnailUrl":"https:\/\/www.treatwell.it/treatment-files\/wp-content\/uploads\/sites\/12\/2022\/03\/Screen-Shot-2018-11-08-at-16.57.32-1.png","datePublished":"2019-04-15T13:06:10+00:00","dateModified":"2025-12-24T14:49:33+00:00","description":"Scopri i migliori stili di baffi per uomo, dai look pieni ai baffi sottili. Trova ispirazione e consigli utili per scegliere il baffo che ti valorizza davvero.","breadcrumb":{"@id":"https:\/\/www.treatwell.it/treatment-files\/taglia-la-barba-e-fai-crescere-i-baffi\/#breadcrumb"},"inLanguage":"it-IT","potentialAction":[{"@type":"ReadAction","target":["https:\/\/www.treatwell.it/treatment-files\/taglia-la-barba-e-fai-crescere-i-baffi\/"]}]},{"@type":"ImageObject","inLanguage":"it-IT","@id":"https:\/\/www.treatwell.it/treatment-files\/taglia-la-barba-e-fai-crescere-i-baffi\/#primaryimage","url":"https:\/\/www.treatwell.it/treatment-files\/wp-content\/uploads\/sites\/12\/2022\/03\/Screen-Shot-2018-11-08-at-16.57.32-1.png","contentUrl":"https:\/\/www.treatwell.it/treatment-files\/wp-content\/uploads\/sites\/12\/2022\/03\/Screen-Shot-2018-11-08-at-16.57.32-1.png","width":471,"height":589},{"@type":"BreadcrumbList","@id":"https:\/\/www.treatwell.it/treatment-files\/taglia-la-barba-e-fai-crescere-i-baffi\/#breadcrumb","itemListElement":[{"@type":"ListItem","position":1,"name":"Home","item":"https:\/\/www.treatwell.it/treatment-files\/"},{"@type":"ListItem","position":2,"name":"Tendenze","item":"https:\/\/www.treatwell.it/treatment-files\/tendenze\/"},{"@type":"ListItem","position":3,"name":"Taglia la barba e fai crescere i baffi"}]},{"@type":"WebSite","@id":"https:\/\/www.treatwell.it/treatment-files\/#website","url":"https:\/\/www.treatwell.it/treatment-files\/","name":"Treatwell magazine","description":"Bellezza. Capelli. Lifestyle.","publisher":{"@id":"https:\/\/www.treatwell.it/treatment-files\/#organization"},"potentialAction":[{"@type":"SearchAction","target":{"@type":"EntryPoint","urlTemplate":"https:\/\/www.treatwell.it/treatment-files\/?s={search_term_string}"},"query-input":{"@type":"PropertyValueSpecification","valueRequired":true,"valueName":"search_term_string"}}],"inLanguage":"it-IT"},{"@type":"Organization","@id":"https:\/\/www.treatwell.it/treatment-files\/#organization","name":"Treatwell","url":"https:\/\/www.treatwell.it/treatment-files\/","logo":{"@type":"ImageObject","inLanguage":"it-IT","@id":"https:\/\/www.treatwell.it/treatment-files\/#\/schema\/logo\/image\/","url":"https:\/\/www.treatwell.it/treatment-files\/wp-content\/uploads\/sites\/12\/2022\/03\/logo_treatwell.png","contentUrl":"https:\/\/www.treatwell.it/treatment-files\/wp-content\/uploads\/sites\/12\/2022\/03\/logo_treatwell.png","width":889,"height":164,"caption":"Treatwell"},"image":{"@id":"https:\/\/www.treatwell.it/treatment-files\/#\/schema\/logo\/image\/"}},{"@type":"Person","@id":"https:\/\/www.treatwell.it/treatment-files\/#\/schema\/person\/45be8f7781947e6c6d31f4b658271bf6","name":"Beth Ryan","image":{"@type":"ImageObject","inLanguage":"it-IT","@id":"https:\/\/secure.gravatar.com\/avatar\/93502c3b0591e62d75cc697ff3b5b8f47fef521e9dd0d61feb5570ae6d459200?s=96&d=mm&r=g","url":"https:\/\/secure.gravatar.com\/avatar\/93502c3b0591e62d75cc697ff3b5b8f47fef521e9dd0d61feb5570ae6d459200?s=96&d=mm&r=g","contentUrl":"https:\/\/secure.gravatar.com\/avatar\/93502c3b0591e62d75cc697ff3b5b8f47fef521e9dd0d61feb5570ae6d459200?s=96&d=mm&r=g","caption":"Beth Ryan"},"url":"https:\/\/www.treatwell.it/treatment-files\/author\/bethanyryan\/"}]}},"featured_image_src":"https:\/\/www.treatwell.it/treatment-files\/wp-content\/uploads\/sites\/12\/2022\/03\/Screen-Shot-2018-11-08-at-16.57.32-1-471x400.png","featured_image_src_square":"https:\/\/www.treatwell.it/treatment-files\/wp-content\/uploads\/sites\/12\/2022\/03\/Screen-Shot-2018-11-08-at-16.57.32-1.png","author_info":{"display_name":"Beth Ryan","author_link":"https:\/\/www.treatwell.it/treatment-files\/author\/bethanyryan\/"},"_links":{"self":[{"href":"https:\/\/www.treatwell.it\/treatment-files\/wp-json\/wp\/v2\/posts\/11136","targetHints":{"allow":["GET"]}}],"collection":[{"href":"https:\/\/www.treatwell.it\/treatment-files\/wp-json\/wp\/v2\/posts"}],"about":[{"href":"https:\/\/www.treatwell.it\/treatment-files\/wp-json\/wp\/v2\/types\/post"}],"author":[{"embeddable":true,"href":"https:\/\/www.treatwell.it\/treatment-files\/wp-json\/wp\/v2\/users\/3366"}],"replies":[{"embeddable":true,"href":"https:\/\/www.treatwell.it\/treatment-files\/wp-json\/wp\/v2\/comments?post=11136"}],"version-history":[{"count":0,"href":"https:\/\/www.treatwell.it\/treatment-files\/wp-json\/wp\/v2\/posts\/11136\/revisions"}],"wp:featuredmedia":[{"embeddable":true,"href":"https:\/\/www.treatwell.it\/treatment-files\/wp-json\/wp\/v2\/media\/11162"}],"wp:attachment":[{"href":"https:\/\/www.treatwell.it\/treatment-files\/wp-json\/wp\/v2\/media?parent=11136"}],"wp:term":[{"taxonomy":"category","embeddable":true,"href":"https:\/\/www.treatwell.it\/treatment-files\/wp-json\/wp\/v2\/categories?post=11136"},{"taxonomy":"post_tag","embeddable":true,"href":"https:\/\/www.treatwell.it\/treatment-files\/wp-json\/wp\/v2\/tags?post=11136"}],"curies":[{"name":"wp","href":"https:\/\/api.w.org\/{rel}","templated":true}]}}