{"id":11312,"date":"2019-06-04T17:51:10","date_gmt":"2019-06-04T15:51:10","guid":{"rendered":"http:\/\/www.treatwell.it\/treatment-files\/?p=3617"},"modified":"2025-12-24T15:49:40","modified_gmt":"2025-12-24T14:49:40","slug":"pride-2019-un-arcobaleno-di-beauty-look","status":"publish","type":"post","link":"https:\/\/www.treatwell.it/treatment-files\/pride-2019-un-arcobaleno-di-beauty-look\/","title":{"rendered":"Pride 2019: un arcobaleno di beauty look"},"content":{"rendered":"<p><span style=\"font-weight: 400\">Manca pochissimo. Il Pride si avvicina ed \u00e8 pronto ad invadere le nostre citt\u00e0. <\/span><span style=\"font-weight: 400\">Tutte le strade portano a\u2026 Roma! Si comincia questo sabato (8 giugno) dalla citt\u00e0 pi\u00f9 bella del mondo (s\u00ec, siamo di parte) con una parata epica che riempir\u00e0 di colore le vie della citt\u00e0 eterna, con partenza da Piazza della Repubblica. <\/span><\/p>\n<p><span style=\"font-weight: 400\">Parteciperai anche tu? Quando si tratta di look da Pride, non esistono regole ma solo spazio ad immaginazione e sperimentazione. Comunque, nel caso fossi alla ricerca di un\u2019ispirazione per il tuo beauty look, dovresti dare un\u2019occhiata qui. Nail art, tinte fluo per i capelli e glitter a profusione. <\/span><\/p>\n<p><span style=\"font-weight: 400\">Ragionare per stereotipi \u00e8 Out. Celebrare la diversit\u00e0 e promuovere un mondo pi\u00f9 inclusivo \u00e8 In. Buon Pride a tutti!<\/span><\/p>\n<div class=\"schema-faq wp-block-yoast-faq-block\">\n<div class=\"schema-faq-section\" id=\"faq-question-1766586810567\">\n<h3 class=\"schema-faq-question\">Quando si svolge la parata del Pride a Roma?<\/h3>\n<p class=\"schema-faq-answer\">La parata del Pride a Roma si svolge sabato 8 giugno. L&#8217;evento parte da Piazza della Repubblica e promette di riempire le strade di colore e inclusivit\u00e0.<\/p>\n<\/p><\/div>\n<div class=\"schema-faq-section\" id=\"faq-question-1766586810568\">\n<h3 class=\"schema-faq-question\">Come puoi trovare ispirazione per il look da Pride?<\/h3>\n<p class=\"schema-faq-answer\">Puoi prendere ispirazione con nail art, tinte fluo per i capelli e glitter in abbondanza. Il look da Pride invita a sperimentare senza regole, puntando sulla creativit\u00e0 personale.<\/p>\n<\/p><\/div>\n<div class=\"schema-faq-section\" id=\"faq-question-1766586810569\">\n<h3 class=\"schema-faq-question\">Quali sono le tendenze beauty pi\u00f9 adatte per il Pride?<\/h3>\n<p class=\"schema-faq-answer\">Le tendenze beauty pi\u00f9 in voga per il Pride includono nail art colorata, capelli con tinte fluo e glitter sulla pelle. Sono tutte soluzioni perfette per celebrare la diversit\u00e0 con uno stile unico.<\/p>\n<\/p><\/div>\n<div class=\"schema-faq-section\" id=\"faq-question-1766586810570\">\n<h3 class=\"schema-faq-question\">Perch\u00e9 il Pride \u00e8 importante per la comunit\u00e0?<\/h3>\n<p class=\"schema-faq-answer\">Il Pride \u00e8 fondamentale per celebrare la diversit\u00e0 e promuovere un mondo pi\u00f9 inclusivo. Partecipare significa sostenere il valore dell&#8217;accettazione e della sperimentazione personale.<\/p>\n<\/p><\/div>\n<\/p><\/div>\n","protected":false},"excerpt":{"rendered":"<p>Manca pochissimo. Il Pride si avvicina ed \u00e8 pronto ad invadere le nostre citt\u00e0. Tutte le strade portano a\u2026 Roma! Si comincia questo sabato (8 giugno) dalla citt\u00e0 pi\u00f9 bella del mondo (s\u00ec, siamo di parte) con una parata epica che riempir\u00e0 di colore le vie della citt\u00e0 eterna, con partenza da Piazza della Repubblica. [&hellip;]<\/p>\n","protected":false},"author":3366,"featured_media":11342,"comment_status":"closed","ping_status":"closed","sticky":false,"template":"","format":"standard","meta":{"_acf_changed":false,"_yoast_wpseo_title":"Pride Roma: Idee Beauty Look, Nail Art e Glitter | Treatwell","_yoast_wpseo_metadesc":"Scopri come prepararti al Pride di Roma con look creativi: nail art colorata, tinte fluo e glitter. Lasciati ispirare e celebra la diversit\u00e0 senza stereotipi.","_genesis_hide_title":false,"_genesis_hide_breadcrumbs":false,"_genesis_hide_singular_image":false,"_genesis_hide_footer_widgets":false,"_genesis_custom_body_class":"","_genesis_custom_post_class":"","_genesis_layout":"","saswp_custom_schema_field":"{\"@context\":\"https:\/\/schema.org\",\"@type\":\"FAQPage\",\"mainEntity\":[{\"@type\":\"Question\",\"name\":\"Quando si svolge la parata del Pride a Roma?\",\"acceptedAnswer\":{\"@type\":\"Answer\",\"text\":\"La parata del Pride a Roma si svolge sabato 8 giugno. L'evento parte da Piazza della Repubblica e promette di riempire le strade di colore e inclusivit\u00e0.\"}},{\"@type\":\"Question\",\"name\":\"Come puoi trovare ispirazione per il look da Pride?\",\"acceptedAnswer\":{\"@type\":\"Answer\",\"text\":\"Puoi prendere ispirazione con nail art, tinte fluo per i capelli e glitter in abbondanza. Il look da Pride invita a sperimentare senza regole, puntando sulla creativit\u00e0 personale.\"}},{\"@type\":\"Question\",\"name\":\"Quali sono le tendenze beauty pi\u00f9 adatte per il Pride?\",\"acceptedAnswer\":{\"@type\":\"Answer\",\"text\":\"Le tendenze beauty pi\u00f9 in voga per il Pride includono nail art colorata, capelli con tinte fluo e glitter sulla pelle. Sono tutte soluzioni perfette per celebrare la diversit\u00e0 con uno stile unico.\"}},{\"@type\":\"Question\",\"name\":\"Perch\u00e9 il Pride \u00e8 importante per la comunit\u00e0?\",\"acceptedAnswer\":{\"@type\":\"Answer\",\"text\":\"Il Pride \u00e8 fondamentale per celebrare la diversit\u00e0 e promuovere un mondo pi\u00f9 inclusivo. Partecipare significa sostenere il valore dell'accettazione e della sperimentazione personale.\"}}]}","footnotes":""},"categories":[2],"tags":[8,37],"class_list":{"0":"post-11312","1":"post","2":"type-post","3":"status-publish","4":"format-standard","5":"has-post-thumbnail","7":"category-tendenze","8":"tag-tt6","9":"tag-tt36","10":"entry"},"acf":{"post_credits":"Image credits: @milanopride, @thesunshinemidwife, @danielle_board, @rosiengugi, @annakg, @laupennafort, @abbabz, ivy_hands, @_emiliemakeup, @chloebondweddings, @holliehan_, @aaronriver0, @thehangedit, @ti_gina, @sophiebereniser, @tygerlylsimpson, @oscarpinklondon, @oliveandjune, @shesbizzy, @lalafauxbois, @fergalwella, @nail_unistella, @karanailedit, @bleachlondon, @dollskill","beauty_blog_post_button_title":"","beauty_blog_post_button":"","landscape_picture":11341,"blocks":[{"block_title":"","block_content":"","video_content":"","block_picture":11313},{"block_title":"","block_content":"","video_content":"","block_picture":11314},{"block_title":"","block_content":"","video_content":"","block_picture":11315},{"block_title":"","block_content":"","video_content":"","block_picture":11316},{"block_title":"","block_content":"","video_content":"","block_picture":11317},{"block_title":"","block_content":"","video_content":"","block_picture":11318},{"block_title":"","block_content":"","video_content":"","block_picture":11319},{"block_title":"","block_content":"","video_content":"","block_picture":11320},{"block_title":"","block_content":"","video_content":"","block_picture":11321},{"block_title":"","block_content":"","video_content":"","block_picture":11322},{"block_title":"","block_content":"","video_content":"","block_picture":11323},{"block_title":"","block_content":"","video_content":"","block_picture":11324},{"block_title":"","block_content":"","video_content":"","block_picture":11325},{"block_title":"","block_content":"","video_content":"","block_picture":11326},{"block_title":"","block_content":"","video_content":"","block_picture":11327},{"block_title":"","block_content":"","video_content":"","block_picture":11328},{"block_title":"","block_content":"","video_content":"","block_picture":11329},{"block_title":"","block_content":"","video_content":"","block_picture":11330},{"block_title":"","block_content":"","video_content":"","block_picture":11331},{"block_title":"","block_content":"","video_content":"","block_picture":11332},{"block_title":"","block_content":"","video_content":"","block_picture":11333},{"block_title":"","block_content":"","video_content":"","block_picture":11334},{"block_title":"","block_content":"","video_content":"","block_picture":11335},{"block_title":"","block_content":"","video_content":"","block_picture":11336},{"block_title":"","block_content":"","video_content":"","block_picture":11337},{"block_title":"","block_content":"","video_content":"","block_picture":11338},{"block_title":"","block_content":"","video_content":"","block_picture":11339},{"block_title":"","block_content":"","video_content":"","block_picture":11340}]},"yoast_head":"<!-- This site is optimized with the Yoast SEO plugin v27.4 - https:\/\/yoast.com\/product\/yoast-seo-wordpress\/ -->\n<title>Pride Roma: Idee Beauty Look, Nail Art e Glitter | Treatwell<\/title>\n<meta name=\"description\" content=\"Scopri come prepararti al Pride di Roma con look creativi: nail art colorata, tinte fluo e glitter. Lasciati ispirare e celebra la diversit\u00e0 senza stereotipi.\" \/>\n<meta name=\"robots\" content=\"index, follow, max-snippet:-1, max-image-preview:large, max-video-preview:-1\" \/>\n<link rel=\"canonical\" href=\"https:\/\/www.treatwell.it/treatment-files\/pride-2019-un-arcobaleno-di-beauty-look\/\" \/>\n<meta property=\"og:locale\" content=\"it_IT\" \/>\n<meta property=\"og:type\" content=\"article\" \/>\n<meta property=\"og:title\" content=\"Pride Roma: Idee Beauty Look, Nail Art e Glitter | Treatwell\" \/>\n<meta property=\"og:description\" content=\"Scopri come prepararti al Pride di Roma con look creativi: nail art colorata, tinte fluo e glitter. Lasciati ispirare e celebra la diversit\u00e0 senza stereotipi.\" \/>\n<meta property=\"og:url\" content=\"https:\/\/www.treatwell.it/treatment-files\/pride-2019-un-arcobaleno-di-beauty-look\/\" \/>\n<meta property=\"og:site_name\" content=\"Treatwell magazine\" \/>\n<meta property=\"article:published_time\" content=\"2019-06-04T15:51:10+00:00\" \/>\n<meta property=\"article:modified_time\" content=\"2025-12-24T14:49:40+00:00\" \/>\n<meta property=\"og:image\" content=\"https:\/\/www.treatwell.it/treatment-files\/wp-content\/uploads\/sites\/12\/2022\/03\/rsz_1rsz_shutterstock_10220576l.jpg\" \/>\n\t<meta property=\"og:image:width\" content=\"768\" \/>\n\t<meta property=\"og:image:height\" content=\"548\" \/>\n\t<meta property=\"og:image:type\" content=\"image\/jpeg\" \/>\n<meta name=\"author\" content=\"Beth Ryan\" \/>\n<meta name=\"twitter:card\" content=\"summary_large_image\" \/>\n<meta name=\"twitter:label1\" content=\"Scritto da\" \/>\n\t<meta name=\"twitter:data1\" content=\"Beth Ryan\" \/>\n\t<meta name=\"twitter:label2\" content=\"Tempo di lettura stimato\" \/>\n\t<meta name=\"twitter:data2\" content=\"1 minuto\" \/>\n<script type=\"application\/ld+json\" class=\"yoast-schema-graph\">{\"@context\":\"https:\\\/\\\/schema.org\",\"@graph\":[{\"@type\":\"Article\",\"@id\":\"https:\\\/\\\/www.treatwell.it/treatment-files\\\/pride-2019-un-arcobaleno-di-beauty-look\\\/#article\",\"isPartOf\":{\"@id\":\"https:\\\/\\\/www.treatwell.it/treatment-files\\\/pride-2019-un-arcobaleno-di-beauty-look\\\/\"},\"author\":{\"name\":\"Beth Ryan\",\"@id\":\"https:\\\/\\\/www.treatwell.it/treatment-files\\\/#\\\/schema\\\/person\\\/45be8f7781947e6c6d31f4b658271bf6\"},\"headline\":\"Pride 2019: un arcobaleno di beauty look\",\"datePublished\":\"2019-06-04T15:51:10+00:00\",\"dateModified\":\"2025-12-24T14:49:40+00:00\",\"mainEntityOfPage\":{\"@id\":\"https:\\\/\\\/www.treatwell.it/treatment-files\\\/pride-2019-un-arcobaleno-di-beauty-look\\\/\"},\"wordCount\":274,\"publisher\":{\"@id\":\"https:\\\/\\\/www.treatwell.it/treatment-files\\\/#organization\"},\"image\":{\"@id\":\"https:\\\/\\\/www.treatwell.it/treatment-files\\\/pride-2019-un-arcobaleno-di-beauty-look\\\/#primaryimage\"},\"thumbnailUrl\":\"https:\\\/\\\/www.treatwell.it/treatment-files\\\/wp-content\\\/uploads\\\/sites\\\/12\\\/2022\\\/03\\\/rsz_1rsz_shutterstock_10220576l.jpg\",\"keywords\":[\"Hair\",\"Nails\"],\"articleSection\":[\"Tendenze\"],\"inLanguage\":\"it-IT\"},{\"@type\":\"WebPage\",\"@id\":\"https:\\\/\\\/www.treatwell.it/treatment-files\\\/pride-2019-un-arcobaleno-di-beauty-look\\\/\",\"url\":\"https:\\\/\\\/www.treatwell.it/treatment-files\\\/pride-2019-un-arcobaleno-di-beauty-look\\\/\",\"name\":\"Pride Roma: Idee Beauty Look, Nail Art e Glitter | Treatwell\",\"isPartOf\":{\"@id\":\"https:\\\/\\\/www.treatwell.it/treatment-files\\\/#website\"},\"primaryImageOfPage\":{\"@id\":\"https:\\\/\\\/www.treatwell.it/treatment-files\\\/pride-2019-un-arcobaleno-di-beauty-look\\\/#primaryimage\"},\"image\":{\"@id\":\"https:\\\/\\\/www.treatwell.it/treatment-files\\\/pride-2019-un-arcobaleno-di-beauty-look\\\/#primaryimage\"},\"thumbnailUrl\":\"https:\\\/\\\/www.treatwell.it/treatment-files\\\/wp-content\\\/uploads\\\/sites\\\/12\\\/2022\\\/03\\\/rsz_1rsz_shutterstock_10220576l.jpg\",\"datePublished\":\"2019-06-04T15:51:10+00:00\",\"dateModified\":\"2025-12-24T14:49:40+00:00\",\"description\":\"Scopri come prepararti al Pride di Roma con look creativi: nail art colorata, tinte fluo e glitter. Lasciati ispirare e celebra la diversit\u00e0 senza stereotipi.\",\"breadcrumb\":{\"@id\":\"https:\\\/\\\/www.treatwell.it/treatment-files\\\/pride-2019-un-arcobaleno-di-beauty-look\\\/#breadcrumb\"},\"inLanguage\":\"it-IT\",\"potentialAction\":[{\"@type\":\"ReadAction\",\"target\":[\"https:\\\/\\\/www.treatwell.it/treatment-files\\\/pride-2019-un-arcobaleno-di-beauty-look\\\/\"]}]},{\"@type\":\"ImageObject\",\"inLanguage\":\"it-IT\",\"@id\":\"https:\\\/\\\/www.treatwell.it/treatment-files\\\/pride-2019-un-arcobaleno-di-beauty-look\\\/#primaryimage\",\"url\":\"https:\\\/\\\/www.treatwell.it/treatment-files\\\/wp-content\\\/uploads\\\/sites\\\/12\\\/2022\\\/03\\\/rsz_1rsz_shutterstock_10220576l.jpg\",\"contentUrl\":\"https:\\\/\\\/www.treatwell.it/treatment-files\\\/wp-content\\\/uploads\\\/sites\\\/12\\\/2022\\\/03\\\/rsz_1rsz_shutterstock_10220576l.jpg\",\"width\":768,\"height\":548},{\"@type\":\"BreadcrumbList\",\"@id\":\"https:\\\/\\\/www.treatwell.it/treatment-files\\\/pride-2019-un-arcobaleno-di-beauty-look\\\/#breadcrumb\",\"itemListElement\":[{\"@type\":\"ListItem\",\"position\":1,\"name\":\"Home\",\"item\":\"https:\\\/\\\/www.treatwell.it/treatment-files\\\/\"},{\"@type\":\"ListItem\",\"position\":2,\"name\":\"Tendenze\",\"item\":\"https:\\\/\\\/www.treatwell.it/treatment-files\\\/tendenze\\\/\"},{\"@type\":\"ListItem\",\"position\":3,\"name\":\"Pride 2019: un arcobaleno di beauty look\"}]},{\"@type\":\"WebSite\",\"@id\":\"https:\\\/\\\/www.treatwell.it/treatment-files\\\/#website\",\"url\":\"https:\\\/\\\/www.treatwell.it/treatment-files\\\/\",\"name\":\"Treatwell magazine\",\"description\":\"Bellezza. Capelli. Lifestyle.\",\"publisher\":{\"@id\":\"https:\\\/\\\/www.treatwell.it/treatment-files\\\/#organization\"},\"potentialAction\":[{\"@type\":\"SearchAction\",\"target\":{\"@type\":\"EntryPoint\",\"urlTemplate\":\"https:\\\/\\\/www.treatwell.it/treatment-files\\\/?s={search_term_string}\"},\"query-input\":{\"@type\":\"PropertyValueSpecification\",\"valueRequired\":true,\"valueName\":\"search_term_string\"}}],\"inLanguage\":\"it-IT\"},{\"@type\":\"Organization\",\"@id\":\"https:\\\/\\\/www.treatwell.it/treatment-files\\\/#organization\",\"name\":\"Treatwell\",\"url\":\"https:\\\/\\\/www.treatwell.it/treatment-files\\\/\",\"logo\":{\"@type\":\"ImageObject\",\"inLanguage\":\"it-IT\",\"@id\":\"https:\\\/\\\/www.treatwell.it/treatment-files\\\/#\\\/schema\\\/logo\\\/image\\\/\",\"url\":\"https:\\\/\\\/www.treatwell.it/treatment-files\\\/wp-content\\\/uploads\\\/sites\\\/12\\\/2022\\\/03\\\/logo_treatwell.png\",\"contentUrl\":\"https:\\\/\\\/www.treatwell.it/treatment-files\\\/wp-content\\\/uploads\\\/sites\\\/12\\\/2022\\\/03\\\/logo_treatwell.png\",\"width\":889,\"height\":164,\"caption\":\"Treatwell\"},\"image\":{\"@id\":\"https:\\\/\\\/www.treatwell.it/treatment-files\\\/#\\\/schema\\\/logo\\\/image\\\/\"}},{\"@type\":\"Person\",\"@id\":\"https:\\\/\\\/www.treatwell.it/treatment-files\\\/#\\\/schema\\\/person\\\/45be8f7781947e6c6d31f4b658271bf6\",\"name\":\"Beth Ryan\",\"image\":{\"@type\":\"ImageObject\",\"inLanguage\":\"it-IT\",\"@id\":\"https:\\\/\\\/secure.gravatar.com\\\/avatar\\\/93502c3b0591e62d75cc697ff3b5b8f47fef521e9dd0d61feb5570ae6d459200?s=96&d=mm&r=g\",\"url\":\"https:\\\/\\\/secure.gravatar.com\\\/avatar\\\/93502c3b0591e62d75cc697ff3b5b8f47fef521e9dd0d61feb5570ae6d459200?s=96&d=mm&r=g\",\"contentUrl\":\"https:\\\/\\\/secure.gravatar.com\\\/avatar\\\/93502c3b0591e62d75cc697ff3b5b8f47fef521e9dd0d61feb5570ae6d459200?s=96&d=mm&r=g\",\"caption\":\"Beth Ryan\"},\"url\":\"https:\\\/\\\/www.treatwell.it/treatment-files\\\/author\\\/bethanyryan\\\/\"}]}<\/script>\n<!-- \/ Yoast SEO plugin. -->","yoast_head_json":{"title":"Pride Roma: Idee Beauty Look, Nail Art e Glitter | Treatwell","description":"Scopri come prepararti al Pride di Roma con look creativi: nail art colorata, tinte fluo e glitter. Lasciati ispirare e celebra la diversit\u00e0 senza stereotipi.","robots":{"index":"index","follow":"follow","max-snippet":"max-snippet:-1","max-image-preview":"max-image-preview:large","max-video-preview":"max-video-preview:-1"},"canonical":"https:\/\/www.treatwell.it/treatment-files\/pride-2019-un-arcobaleno-di-beauty-look\/","og_locale":"it_IT","og_type":"article","og_title":"Pride Roma: Idee Beauty Look, Nail Art e Glitter | Treatwell","og_description":"Scopri come prepararti al Pride di Roma con look creativi: nail art colorata, tinte fluo e glitter. Lasciati ispirare e celebra la diversit\u00e0 senza stereotipi.","og_url":"https:\/\/www.treatwell.it/treatment-files\/pride-2019-un-arcobaleno-di-beauty-look\/","og_site_name":"Treatwell magazine","article_published_time":"2019-06-04T15:51:10+00:00","article_modified_time":"2025-12-24T14:49:40+00:00","og_image":[{"width":768,"height":548,"url":"https:\/\/www.treatwell.it/treatment-files\/wp-content\/uploads\/sites\/12\/2022\/03\/rsz_1rsz_shutterstock_10220576l.jpg","type":"image\/jpeg"}],"author":"Beth Ryan","twitter_card":"summary_large_image","twitter_misc":{"Scritto da":"Beth Ryan","Tempo di lettura stimato":"1 minuto"},"schema":{"@context":"https:\/\/schema.org","@graph":[{"@type":"Article","@id":"https:\/\/www.treatwell.it/treatment-files\/pride-2019-un-arcobaleno-di-beauty-look\/#article","isPartOf":{"@id":"https:\/\/www.treatwell.it/treatment-files\/pride-2019-un-arcobaleno-di-beauty-look\/"},"author":{"name":"Beth Ryan","@id":"https:\/\/www.treatwell.it/treatment-files\/#\/schema\/person\/45be8f7781947e6c6d31f4b658271bf6"},"headline":"Pride 2019: un arcobaleno di beauty look","datePublished":"2019-06-04T15:51:10+00:00","dateModified":"2025-12-24T14:49:40+00:00","mainEntityOfPage":{"@id":"https:\/\/www.treatwell.it/treatment-files\/pride-2019-un-arcobaleno-di-beauty-look\/"},"wordCount":274,"publisher":{"@id":"https:\/\/www.treatwell.it/treatment-files\/#organization"},"image":{"@id":"https:\/\/www.treatwell.it/treatment-files\/pride-2019-un-arcobaleno-di-beauty-look\/#primaryimage"},"thumbnailUrl":"https:\/\/www.treatwell.it/treatment-files\/wp-content\/uploads\/sites\/12\/2022\/03\/rsz_1rsz_shutterstock_10220576l.jpg","keywords":["Hair","Nails"],"articleSection":["Tendenze"],"inLanguage":"it-IT"},{"@type":"WebPage","@id":"https:\/\/www.treatwell.it/treatment-files\/pride-2019-un-arcobaleno-di-beauty-look\/","url":"https:\/\/www.treatwell.it/treatment-files\/pride-2019-un-arcobaleno-di-beauty-look\/","name":"Pride Roma: Idee Beauty Look, Nail Art e Glitter | Treatwell","isPartOf":{"@id":"https:\/\/www.treatwell.it/treatment-files\/#website"},"primaryImageOfPage":{"@id":"https:\/\/www.treatwell.it/treatment-files\/pride-2019-un-arcobaleno-di-beauty-look\/#primaryimage"},"image":{"@id":"https:\/\/www.treatwell.it/treatment-files\/pride-2019-un-arcobaleno-di-beauty-look\/#primaryimage"},"thumbnailUrl":"https:\/\/www.treatwell.it/treatment-files\/wp-content\/uploads\/sites\/12\/2022\/03\/rsz_1rsz_shutterstock_10220576l.jpg","datePublished":"2019-06-04T15:51:10+00:00","dateModified":"2025-12-24T14:49:40+00:00","description":"Scopri come prepararti al Pride di Roma con look creativi: nail art colorata, tinte fluo e glitter. Lasciati ispirare e celebra la diversit\u00e0 senza stereotipi.","breadcrumb":{"@id":"https:\/\/www.treatwell.it/treatment-files\/pride-2019-un-arcobaleno-di-beauty-look\/#breadcrumb"},"inLanguage":"it-IT","potentialAction":[{"@type":"ReadAction","target":["https:\/\/www.treatwell.it/treatment-files\/pride-2019-un-arcobaleno-di-beauty-look\/"]}]},{"@type":"ImageObject","inLanguage":"it-IT","@id":"https:\/\/www.treatwell.it/treatment-files\/pride-2019-un-arcobaleno-di-beauty-look\/#primaryimage","url":"https:\/\/www.treatwell.it/treatment-files\/wp-content\/uploads\/sites\/12\/2022\/03\/rsz_1rsz_shutterstock_10220576l.jpg","contentUrl":"https:\/\/www.treatwell.it/treatment-files\/wp-content\/uploads\/sites\/12\/2022\/03\/rsz_1rsz_shutterstock_10220576l.jpg","width":768,"height":548},{"@type":"BreadcrumbList","@id":"https:\/\/www.treatwell.it/treatment-files\/pride-2019-un-arcobaleno-di-beauty-look\/#breadcrumb","itemListElement":[{"@type":"ListItem","position":1,"name":"Home","item":"https:\/\/www.treatwell.it/treatment-files\/"},{"@type":"ListItem","position":2,"name":"Tendenze","item":"https:\/\/www.treatwell.it/treatment-files\/tendenze\/"},{"@type":"ListItem","position":3,"name":"Pride 2019: un arcobaleno di beauty look"}]},{"@type":"WebSite","@id":"https:\/\/www.treatwell.it/treatment-files\/#website","url":"https:\/\/www.treatwell.it/treatment-files\/","name":"Treatwell magazine","description":"Bellezza. Capelli. Lifestyle.","publisher":{"@id":"https:\/\/www.treatwell.it/treatment-files\/#organization"},"potentialAction":[{"@type":"SearchAction","target":{"@type":"EntryPoint","urlTemplate":"https:\/\/www.treatwell.it/treatment-files\/?s={search_term_string}"},"query-input":{"@type":"PropertyValueSpecification","valueRequired":true,"valueName":"search_term_string"}}],"inLanguage":"it-IT"},{"@type":"Organization","@id":"https:\/\/www.treatwell.it/treatment-files\/#organization","name":"Treatwell","url":"https:\/\/www.treatwell.it/treatment-files\/","logo":{"@type":"ImageObject","inLanguage":"it-IT","@id":"https:\/\/www.treatwell.it/treatment-files\/#\/schema\/logo\/image\/","url":"https:\/\/www.treatwell.it/treatment-files\/wp-content\/uploads\/sites\/12\/2022\/03\/logo_treatwell.png","contentUrl":"https:\/\/www.treatwell.it/treatment-files\/wp-content\/uploads\/sites\/12\/2022\/03\/logo_treatwell.png","width":889,"height":164,"caption":"Treatwell"},"image":{"@id":"https:\/\/www.treatwell.it/treatment-files\/#\/schema\/logo\/image\/"}},{"@type":"Person","@id":"https:\/\/www.treatwell.it/treatment-files\/#\/schema\/person\/45be8f7781947e6c6d31f4b658271bf6","name":"Beth Ryan","image":{"@type":"ImageObject","inLanguage":"it-IT","@id":"https:\/\/secure.gravatar.com\/avatar\/93502c3b0591e62d75cc697ff3b5b8f47fef521e9dd0d61feb5570ae6d459200?s=96&d=mm&r=g","url":"https:\/\/secure.gravatar.com\/avatar\/93502c3b0591e62d75cc697ff3b5b8f47fef521e9dd0d61feb5570ae6d459200?s=96&d=mm&r=g","contentUrl":"https:\/\/secure.gravatar.com\/avatar\/93502c3b0591e62d75cc697ff3b5b8f47fef521e9dd0d61feb5570ae6d459200?s=96&d=mm&r=g","caption":"Beth Ryan"},"url":"https:\/\/www.treatwell.it/treatment-files\/author\/bethanyryan\/"}]}},"featured_image_src":"https:\/\/www.treatwell.it/treatment-files\/wp-content\/uploads\/sites\/12\/2022\/03\/rsz_1rsz_shutterstock_10220576l-600x400.jpg","featured_image_src_square":"https:\/\/www.treatwell.it/treatment-files\/wp-content\/uploads\/sites\/12\/2022\/03\/rsz_1rsz_shutterstock_10220576l-600x548.jpg","author_info":{"display_name":"Beth Ryan","author_link":"https:\/\/www.treatwell.it/treatment-files\/author\/bethanyryan\/"},"_links":{"self":[{"href":"https:\/\/www.treatwell.it\/treatment-files\/wp-json\/wp\/v2\/posts\/11312","targetHints":{"allow":["GET"]}}],"collection":[{"href":"https:\/\/www.treatwell.it\/treatment-files\/wp-json\/wp\/v2\/posts"}],"about":[{"href":"https:\/\/www.treatwell.it\/treatment-files\/wp-json\/wp\/v2\/types\/post"}],"author":[{"embeddable":true,"href":"https:\/\/www.treatwell.it\/treatment-files\/wp-json\/wp\/v2\/users\/3366"}],"replies":[{"embeddable":true,"href":"https:\/\/www.treatwell.it\/treatment-files\/wp-json\/wp\/v2\/comments?post=11312"}],"version-history":[{"count":0,"href":"https:\/\/www.treatwell.it\/treatment-files\/wp-json\/wp\/v2\/posts\/11312\/revisions"}],"wp:featuredmedia":[{"embeddable":true,"href":"https:\/\/www.treatwell.it\/treatment-files\/wp-json\/wp\/v2\/media\/11342"}],"wp:attachment":[{"href":"https:\/\/www.treatwell.it\/treatment-files\/wp-json\/wp\/v2\/media?parent=11312"}],"wp:term":[{"taxonomy":"category","embeddable":true,"href":"https:\/\/www.treatwell.it\/treatment-files\/wp-json\/wp\/v2\/categories?post=11312"},{"taxonomy":"post_tag","embeddable":true,"href":"https:\/\/www.treatwell.it\/treatment-files\/wp-json\/wp\/v2\/tags?post=11312"}],"curies":[{"name":"wp","href":"https:\/\/api.w.org\/{rel}","templated":true}]}}