{"id":12371,"date":"2020-08-28T15:59:58","date_gmt":"2020-08-28T13:59:58","guid":{"rendered":"http:\/\/www.treatwell.it\/treatment-files\/?p=6864"},"modified":"2025-12-24T15:50:51","modified_gmt":"2025-12-24T14:50:51","slug":"unghie-i-colori-di-tendenza-dellautunno-2020","status":"publish","type":"post","link":"https:\/\/www.treatwell.it/treatment-files\/unghie-i-colori-di-tendenza-dellautunno-2020\/","title":{"rendered":"Unghie: i colori di tendenza dell\u2019autunno 2020"},"content":{"rendered":"<p><span style=\"font-weight: 400\">Non c\u2019\u00e8 niente da fare, dopo ferragosto io sono gi\u00e0 in modalit\u00e0 autunno. Non importa se fa ancora cos\u00ec caldo che per trovare refrigerio passo i pomeriggi nel reparto frigo del supermercato sotto casa, la mia mente sogna gi\u00e0 piumoni, maglioni a collo alto e Ciobar.\u00a0<\/span><\/p>\n<p><span style=\"font-weight: 400\">Se poi sei una persona a cui piace stare sul pezzo, sai gi\u00e0 che le tendenze le devi anticipare, o meglio ancora creare. Io sono tendenza, insomma. Perci\u00f2 mi porto avanti col lavoro e cerco di capire come potr\u00e0 essere la mia prossima manicure.<\/span><\/p>\n<p><span style=\"font-weight: 400\">Buone notizie, i colori attuali sono un dolce ricordo dell&#8217;estate, caldi e morbidi,\u00a0 sanno di foglie autunnali e t\u00e8 caldo da bere di fronte al camino, ricordano la salvia e le sfumature del sottobosco, sono dolci e lattiginosi. E li trovi tutti qua. Pronta a prenotare la tua prossima manicure?\u00a0<\/span><\/p>\n<div class=\"schema-faq wp-block-yoast-faq-block\">\n<div class=\"schema-faq-section\" id=\"faq-question-1766586464132\">\n<h3 class=\"schema-faq-question\">Come puoi anticipare le tendenze della manicure autunnale?<\/h3>\n<p class=\"schema-faq-answer\">Puoi anticipare le tendenze scegliendo sin da subito colori caldi e morbidi tipici dell&#8217;autunno. Scegli tonalit\u00e0 che evocano foglie cadenti, salvia e sottobosco per sentirti sempre aggiornat\u0259.<\/p>\n<\/p><\/div>\n<div class=\"schema-faq-section\" id=\"faq-question-1766586464133\">\n<h3 class=\"schema-faq-question\">Che sensazione regalano le nuance autunnali sulle unghie?<\/h3>\n<p class=\"schema-faq-answer\">Le nuance autunnali regalano una sensazione di calore e relax alle tue unghie. Questi colori richiamano pomeriggi davanti al camino e creano uno stile rassicurante e avvolgente.<\/p>\n<\/p><\/div>\n<div class=\"schema-faq-section\" id=\"faq-question-1766586464134\">\n<h3 class=\"schema-faq-question\">Quando conviene iniziare la transizione dai colori estivi a quelli autunnali?<\/h3>\n<p class=\"schema-faq-answer\">Conviene iniziare la transizione ai colori autunnali subito dopo ferragosto. Cos\u00ec puoi essere tra le prime persone a esibire la nuova stagione sulle unghie, anche se il clima \u00e8 ancora caldo.<\/p>\n<\/p><\/div>\n<div class=\"schema-faq-section\" id=\"faq-question-1766586464135\">\n<h3 class=\"schema-faq-question\">In che modo i colori lattiginosi valorizzano la manicure d&#8217;autunno?<\/h3>\n<p class=\"schema-faq-answer\">I colori lattiginosi valorizzano la manicure d&#8217;autunno donando un tocco dolce e sofisticato. Queste tonalit\u00e0 si adattano perfettamente all&#8217;atmosfera intima e rilassante della stagione.<\/p>\n<\/p><\/div>\n<div class=\"schema-faq-section\" id=\"faq-question-1766586464136\">\n<h3 class=\"schema-faq-question\">Dove puoi scoprire tutte le nuove tendenze colore per la manicure d&#8217;autunno?<\/h3>\n<p class=\"schema-faq-answer\">Tutte le nuove tendenze colore per la manicure d&#8217;autunno sono disponibili in un&#8217;unica selezione. Puoi trovarle facilmente e prenotare la tua prossima manicure con un semplice click.<\/p>\n<\/p><\/div>\n<\/p><\/div>\n","protected":false},"excerpt":{"rendered":"<p>Non c\u2019\u00e8 niente da fare, dopo ferragosto io sono gi\u00e0 in modalit\u00e0 autunno. Non importa se fa ancora cos\u00ec caldo che per trovare refrigerio passo i pomeriggi nel reparto frigo del supermercato sotto casa, la mia mente sogna gi\u00e0 piumoni, maglioni a collo alto e Ciobar.\u00a0 Se poi sei una persona a cui piace stare [&hellip;]<\/p>\n","protected":false},"author":3366,"featured_media":12388,"comment_status":"closed","ping_status":"closed","sticky":false,"template":"","format":"standard","meta":{"_acf_changed":false,"_yoast_wpseo_title":"Tendenze manicure autunnali: colori e ispirazioni | Treatwell","_yoast_wpseo_metadesc":"Scopri i colori di tendenza per la manicure autunnale: sfumature calde, salvia e sottobosco. Anticipa la stagione e trova ispirazione per le tue unghie.","_genesis_hide_title":false,"_genesis_hide_breadcrumbs":false,"_genesis_hide_singular_image":false,"_genesis_hide_footer_widgets":false,"_genesis_custom_body_class":"","_genesis_custom_post_class":"","_genesis_layout":"","saswp_custom_schema_field":"{\"@context\":\"https:\/\/schema.org\",\"@type\":\"FAQPage\",\"mainEntity\":[{\"@type\":\"Question\",\"name\":\"Come puoi anticipare le tendenze della manicure autunnale?\",\"acceptedAnswer\":{\"@type\":\"Answer\",\"text\":\"Puoi anticipare le tendenze scegliendo sin da subito colori caldi e morbidi tipici dell'autunno. Scegli tonalit\u00e0 che evocano foglie cadenti, salvia e sottobosco per sentirti sempre aggiornat\u0259.\"}},{\"@type\":\"Question\",\"name\":\"Che sensazione regalano le nuance autunnali sulle unghie?\",\"acceptedAnswer\":{\"@type\":\"Answer\",\"text\":\"Le nuance autunnali regalano una sensazione di calore e relax alle tue unghie. Questi colori richiamano pomeriggi davanti al camino e creano uno stile rassicurante e avvolgente.\"}},{\"@type\":\"Question\",\"name\":\"Quando conviene iniziare la transizione dai colori estivi a quelli autunnali?\",\"acceptedAnswer\":{\"@type\":\"Answer\",\"text\":\"Conviene iniziare la transizione ai colori autunnali subito dopo ferragosto. Cos\u00ec puoi essere tra le prime persone a esibire la nuova stagione sulle unghie, anche se il clima \u00e8 ancora caldo.\"}},{\"@type\":\"Question\",\"name\":\"In che modo i colori lattiginosi valorizzano la manicure d'autunno?\",\"acceptedAnswer\":{\"@type\":\"Answer\",\"text\":\"I colori lattiginosi valorizzano la manicure d'autunno donando un tocco dolce e sofisticato. Queste tonalit\u00e0 si adattano perfettamente all'atmosfera intima e rilassante della stagione.\"}},{\"@type\":\"Question\",\"name\":\"Dove puoi scoprire tutte le nuove tendenze colore per la manicure d'autunno?\",\"acceptedAnswer\":{\"@type\":\"Answer\",\"text\":\"Tutte le nuove tendenze colore per la manicure d'autunno sono disponibili in un'unica selezione. Puoi trovarle facilmente e prenotare la tua prossima manicure con un semplice click.\"}}]}","footnotes":""},"categories":[2],"tags":[38,37],"class_list":{"0":"post-12371","1":"post","2":"type-post","3":"status-publish","4":"format-standard","5":"has-post-thumbnail","7":"category-tendenze","8":"tag-tr81","9":"tag-tt36","10":"entry"},"acf":{"post_credits":"Image credits: Shutterstock, @amyle.nails, @harrietwestmoreland, @keonailbarofficial, @treatwell_uk, @betina_goldstein, @lefixlondon, @overglowedit, @selfish_london, @wildodeon, @honunailbar","beauty_blog_post_button_title":"Prenota la tua manicure","beauty_blog_post_button":"https:\/\/www.treatwell.it\/saloni\/trattamento-manicure\/offerta-tipo-locale\/in-italia\/","landscape_picture":12387,"blocks":[{"block_title":"","block_content":"","video_content":"","block_picture":12372},{"block_title":"","block_content":"","video_content":"","block_picture":12373},{"block_title":"","block_content":"","video_content":"","block_picture":12374},{"block_title":"","block_content":"","video_content":"","block_picture":12375},{"block_title":"","block_content":"","video_content":"","block_picture":12376},{"block_title":"","block_content":"","video_content":"","block_picture":12377},{"block_title":"","block_content":"","video_content":"","block_picture":12378},{"block_title":"","block_content":"","video_content":"","block_picture":12379},{"block_title":"","block_content":"","video_content":"","block_picture":12380},{"block_title":"","block_content":"","video_content":"","block_picture":12381},{"block_title":"","block_content":"","video_content":"","block_picture":12382},{"block_title":"","block_content":"","video_content":"","block_picture":12383},{"block_title":"","block_content":"","video_content":"","block_picture":12384},{"block_title":"","block_content":"","video_content":"","block_picture":12385},{"block_title":"","block_content":"","video_content":"","block_picture":12386}]},"yoast_head":"<!-- This site is optimized with the Yoast SEO plugin v27.4 - https:\/\/yoast.com\/product\/yoast-seo-wordpress\/ -->\n<title>Tendenze manicure autunnali: colori e ispirazioni | Treatwell<\/title>\n<meta name=\"description\" content=\"Scopri i colori di tendenza per la manicure autunnale: sfumature calde, salvia e sottobosco. Anticipa la stagione e trova ispirazione per le tue unghie.\" \/>\n<meta name=\"robots\" content=\"index, follow, max-snippet:-1, max-image-preview:large, max-video-preview:-1\" \/>\n<link rel=\"canonical\" href=\"https:\/\/www.treatwell.it/treatment-files\/unghie-i-colori-di-tendenza-dellautunno-2020\/\" \/>\n<meta property=\"og:locale\" content=\"it_IT\" \/>\n<meta property=\"og:type\" content=\"article\" \/>\n<meta property=\"og:title\" content=\"Tendenze manicure autunnali: colori e ispirazioni | Treatwell\" \/>\n<meta property=\"og:description\" content=\"Scopri i colori di tendenza per la manicure autunnale: sfumature calde, salvia e sottobosco. Anticipa la stagione e trova ispirazione per le tue unghie.\" \/>\n<meta property=\"og:url\" content=\"https:\/\/www.treatwell.it/treatment-files\/unghie-i-colori-di-tendenza-dellautunno-2020\/\" \/>\n<meta property=\"og:site_name\" content=\"Treatwell magazine\" \/>\n<meta property=\"article:published_time\" content=\"2020-08-28T13:59:58+00:00\" \/>\n<meta property=\"article:modified_time\" content=\"2025-12-24T14:50:51+00:00\" \/>\n<meta property=\"og:image\" content=\"https:\/\/www.treatwell.it/treatment-files\/wp-content\/uploads\/sites\/12\/2022\/03\/betina_goldstein_117777306_202740661193628_1079472532742278070_n.jpg\" \/>\n\t<meta property=\"og:image:width\" content=\"528\" \/>\n\t<meta property=\"og:image:height\" content=\"628\" \/>\n\t<meta property=\"og:image:type\" content=\"image\/jpeg\" \/>\n<meta name=\"author\" content=\"Beth Ryan\" \/>\n<meta name=\"twitter:card\" content=\"summary_large_image\" \/>\n<meta name=\"twitter:label1\" content=\"Scritto da\" \/>\n\t<meta name=\"twitter:data1\" content=\"Beth Ryan\" \/>\n\t<meta name=\"twitter:label2\" content=\"Tempo di lettura stimato\" \/>\n\t<meta name=\"twitter:data2\" content=\"2 minuti\" \/>\n<script type=\"application\/ld+json\" class=\"yoast-schema-graph\">{\"@context\":\"https:\\\/\\\/schema.org\",\"@graph\":[{\"@type\":\"Article\",\"@id\":\"https:\\\/\\\/www.treatwell.it/treatment-files\\\/unghie-i-colori-di-tendenza-dellautunno-2020\\\/#article\",\"isPartOf\":{\"@id\":\"https:\\\/\\\/www.treatwell.it/treatment-files\\\/unghie-i-colori-di-tendenza-dellautunno-2020\\\/\"},\"author\":{\"name\":\"Beth Ryan\",\"@id\":\"https:\\\/\\\/www.treatwell.it/treatment-files\\\/#\\\/schema\\\/person\\\/45be8f7781947e6c6d31f4b658271bf6\"},\"headline\":\"Unghie: i colori di tendenza dell\u2019autunno 2020\",\"datePublished\":\"2020-08-28T13:59:58+00:00\",\"dateModified\":\"2025-12-24T14:50:51+00:00\",\"mainEntityOfPage\":{\"@id\":\"https:\\\/\\\/www.treatwell.it/treatment-files\\\/unghie-i-colori-di-tendenza-dellautunno-2020\\\/\"},\"wordCount\":339,\"publisher\":{\"@id\":\"https:\\\/\\\/www.treatwell.it/treatment-files\\\/#organization\"},\"image\":{\"@id\":\"https:\\\/\\\/www.treatwell.it/treatment-files\\\/unghie-i-colori-di-tendenza-dellautunno-2020\\\/#primaryimage\"},\"thumbnailUrl\":\"https:\\\/\\\/www.treatwell.it/treatment-files\\\/wp-content\\\/uploads\\\/sites\\\/12\\\/2022\\\/03\\\/betina_goldstein_117777306_202740661193628_1079472532742278070_n.jpg\",\"keywords\":[\"Manicure\",\"Nails\"],\"articleSection\":[\"Tendenze\"],\"inLanguage\":\"it-IT\"},{\"@type\":\"WebPage\",\"@id\":\"https:\\\/\\\/www.treatwell.it/treatment-files\\\/unghie-i-colori-di-tendenza-dellautunno-2020\\\/\",\"url\":\"https:\\\/\\\/www.treatwell.it/treatment-files\\\/unghie-i-colori-di-tendenza-dellautunno-2020\\\/\",\"name\":\"Tendenze manicure autunnali: colori e ispirazioni | Treatwell\",\"isPartOf\":{\"@id\":\"https:\\\/\\\/www.treatwell.it/treatment-files\\\/#website\"},\"primaryImageOfPage\":{\"@id\":\"https:\\\/\\\/www.treatwell.it/treatment-files\\\/unghie-i-colori-di-tendenza-dellautunno-2020\\\/#primaryimage\"},\"image\":{\"@id\":\"https:\\\/\\\/www.treatwell.it/treatment-files\\\/unghie-i-colori-di-tendenza-dellautunno-2020\\\/#primaryimage\"},\"thumbnailUrl\":\"https:\\\/\\\/www.treatwell.it/treatment-files\\\/wp-content\\\/uploads\\\/sites\\\/12\\\/2022\\\/03\\\/betina_goldstein_117777306_202740661193628_1079472532742278070_n.jpg\",\"datePublished\":\"2020-08-28T13:59:58+00:00\",\"dateModified\":\"2025-12-24T14:50:51+00:00\",\"description\":\"Scopri i colori di tendenza per la manicure autunnale: sfumature calde, salvia e sottobosco. Anticipa la stagione e trova ispirazione per le tue unghie.\",\"breadcrumb\":{\"@id\":\"https:\\\/\\\/www.treatwell.it/treatment-files\\\/unghie-i-colori-di-tendenza-dellautunno-2020\\\/#breadcrumb\"},\"inLanguage\":\"it-IT\",\"potentialAction\":[{\"@type\":\"ReadAction\",\"target\":[\"https:\\\/\\\/www.treatwell.it/treatment-files\\\/unghie-i-colori-di-tendenza-dellautunno-2020\\\/\"]}]},{\"@type\":\"ImageObject\",\"inLanguage\":\"it-IT\",\"@id\":\"https:\\\/\\\/www.treatwell.it/treatment-files\\\/unghie-i-colori-di-tendenza-dellautunno-2020\\\/#primaryimage\",\"url\":\"https:\\\/\\\/www.treatwell.it/treatment-files\\\/wp-content\\\/uploads\\\/sites\\\/12\\\/2022\\\/03\\\/betina_goldstein_117777306_202740661193628_1079472532742278070_n.jpg\",\"contentUrl\":\"https:\\\/\\\/www.treatwell.it/treatment-files\\\/wp-content\\\/uploads\\\/sites\\\/12\\\/2022\\\/03\\\/betina_goldstein_117777306_202740661193628_1079472532742278070_n.jpg\",\"width\":528,\"height\":628},{\"@type\":\"BreadcrumbList\",\"@id\":\"https:\\\/\\\/www.treatwell.it/treatment-files\\\/unghie-i-colori-di-tendenza-dellautunno-2020\\\/#breadcrumb\",\"itemListElement\":[{\"@type\":\"ListItem\",\"position\":1,\"name\":\"Home\",\"item\":\"https:\\\/\\\/www.treatwell.it/treatment-files\\\/\"},{\"@type\":\"ListItem\",\"position\":2,\"name\":\"Tendenze\",\"item\":\"https:\\\/\\\/www.treatwell.it/treatment-files\\\/tendenze\\\/\"},{\"@type\":\"ListItem\",\"position\":3,\"name\":\"Unghie: i colori di tendenza dell\u2019autunno 2020\"}]},{\"@type\":\"WebSite\",\"@id\":\"https:\\\/\\\/www.treatwell.it/treatment-files\\\/#website\",\"url\":\"https:\\\/\\\/www.treatwell.it/treatment-files\\\/\",\"name\":\"Treatwell magazine\",\"description\":\"Bellezza. Capelli. Lifestyle.\",\"publisher\":{\"@id\":\"https:\\\/\\\/www.treatwell.it/treatment-files\\\/#organization\"},\"potentialAction\":[{\"@type\":\"SearchAction\",\"target\":{\"@type\":\"EntryPoint\",\"urlTemplate\":\"https:\\\/\\\/www.treatwell.it/treatment-files\\\/?s={search_term_string}\"},\"query-input\":{\"@type\":\"PropertyValueSpecification\",\"valueRequired\":true,\"valueName\":\"search_term_string\"}}],\"inLanguage\":\"it-IT\"},{\"@type\":\"Organization\",\"@id\":\"https:\\\/\\\/www.treatwell.it/treatment-files\\\/#organization\",\"name\":\"Treatwell\",\"url\":\"https:\\\/\\\/www.treatwell.it/treatment-files\\\/\",\"logo\":{\"@type\":\"ImageObject\",\"inLanguage\":\"it-IT\",\"@id\":\"https:\\\/\\\/www.treatwell.it/treatment-files\\\/#\\\/schema\\\/logo\\\/image\\\/\",\"url\":\"https:\\\/\\\/www.treatwell.it/treatment-files\\\/wp-content\\\/uploads\\\/sites\\\/12\\\/2022\\\/03\\\/logo_treatwell.png\",\"contentUrl\":\"https:\\\/\\\/www.treatwell.it/treatment-files\\\/wp-content\\\/uploads\\\/sites\\\/12\\\/2022\\\/03\\\/logo_treatwell.png\",\"width\":889,\"height\":164,\"caption\":\"Treatwell\"},\"image\":{\"@id\":\"https:\\\/\\\/www.treatwell.it/treatment-files\\\/#\\\/schema\\\/logo\\\/image\\\/\"}},{\"@type\":\"Person\",\"@id\":\"https:\\\/\\\/www.treatwell.it/treatment-files\\\/#\\\/schema\\\/person\\\/45be8f7781947e6c6d31f4b658271bf6\",\"name\":\"Beth Ryan\",\"image\":{\"@type\":\"ImageObject\",\"inLanguage\":\"it-IT\",\"@id\":\"https:\\\/\\\/secure.gravatar.com\\\/avatar\\\/93502c3b0591e62d75cc697ff3b5b8f47fef521e9dd0d61feb5570ae6d459200?s=96&d=mm&r=g\",\"url\":\"https:\\\/\\\/secure.gravatar.com\\\/avatar\\\/93502c3b0591e62d75cc697ff3b5b8f47fef521e9dd0d61feb5570ae6d459200?s=96&d=mm&r=g\",\"contentUrl\":\"https:\\\/\\\/secure.gravatar.com\\\/avatar\\\/93502c3b0591e62d75cc697ff3b5b8f47fef521e9dd0d61feb5570ae6d459200?s=96&d=mm&r=g\",\"caption\":\"Beth Ryan\"},\"url\":\"https:\\\/\\\/www.treatwell.it/treatment-files\\\/author\\\/bethanyryan\\\/\"}]}<\/script>\n<!-- \/ Yoast SEO plugin. -->","yoast_head_json":{"title":"Tendenze manicure autunnali: colori e ispirazioni | Treatwell","description":"Scopri i colori di tendenza per la manicure autunnale: sfumature calde, salvia e sottobosco. Anticipa la stagione e trova ispirazione per le tue unghie.","robots":{"index":"index","follow":"follow","max-snippet":"max-snippet:-1","max-image-preview":"max-image-preview:large","max-video-preview":"max-video-preview:-1"},"canonical":"https:\/\/www.treatwell.it/treatment-files\/unghie-i-colori-di-tendenza-dellautunno-2020\/","og_locale":"it_IT","og_type":"article","og_title":"Tendenze manicure autunnali: colori e ispirazioni | Treatwell","og_description":"Scopri i colori di tendenza per la manicure autunnale: sfumature calde, salvia e sottobosco. Anticipa la stagione e trova ispirazione per le tue unghie.","og_url":"https:\/\/www.treatwell.it/treatment-files\/unghie-i-colori-di-tendenza-dellautunno-2020\/","og_site_name":"Treatwell magazine","article_published_time":"2020-08-28T13:59:58+00:00","article_modified_time":"2025-12-24T14:50:51+00:00","og_image":[{"width":528,"height":628,"url":"https:\/\/www.treatwell.it/treatment-files\/wp-content\/uploads\/sites\/12\/2022\/03\/betina_goldstein_117777306_202740661193628_1079472532742278070_n.jpg","type":"image\/jpeg"}],"author":"Beth Ryan","twitter_card":"summary_large_image","twitter_misc":{"Scritto da":"Beth Ryan","Tempo di lettura stimato":"2 minuti"},"schema":{"@context":"https:\/\/schema.org","@graph":[{"@type":"Article","@id":"https:\/\/www.treatwell.it/treatment-files\/unghie-i-colori-di-tendenza-dellautunno-2020\/#article","isPartOf":{"@id":"https:\/\/www.treatwell.it/treatment-files\/unghie-i-colori-di-tendenza-dellautunno-2020\/"},"author":{"name":"Beth Ryan","@id":"https:\/\/www.treatwell.it/treatment-files\/#\/schema\/person\/45be8f7781947e6c6d31f4b658271bf6"},"headline":"Unghie: i colori di tendenza dell\u2019autunno 2020","datePublished":"2020-08-28T13:59:58+00:00","dateModified":"2025-12-24T14:50:51+00:00","mainEntityOfPage":{"@id":"https:\/\/www.treatwell.it/treatment-files\/unghie-i-colori-di-tendenza-dellautunno-2020\/"},"wordCount":339,"publisher":{"@id":"https:\/\/www.treatwell.it/treatment-files\/#organization"},"image":{"@id":"https:\/\/www.treatwell.it/treatment-files\/unghie-i-colori-di-tendenza-dellautunno-2020\/#primaryimage"},"thumbnailUrl":"https:\/\/www.treatwell.it/treatment-files\/wp-content\/uploads\/sites\/12\/2022\/03\/betina_goldstein_117777306_202740661193628_1079472532742278070_n.jpg","keywords":["Manicure","Nails"],"articleSection":["Tendenze"],"inLanguage":"it-IT"},{"@type":"WebPage","@id":"https:\/\/www.treatwell.it/treatment-files\/unghie-i-colori-di-tendenza-dellautunno-2020\/","url":"https:\/\/www.treatwell.it/treatment-files\/unghie-i-colori-di-tendenza-dellautunno-2020\/","name":"Tendenze manicure autunnali: colori e ispirazioni | Treatwell","isPartOf":{"@id":"https:\/\/www.treatwell.it/treatment-files\/#website"},"primaryImageOfPage":{"@id":"https:\/\/www.treatwell.it/treatment-files\/unghie-i-colori-di-tendenza-dellautunno-2020\/#primaryimage"},"image":{"@id":"https:\/\/www.treatwell.it/treatment-files\/unghie-i-colori-di-tendenza-dellautunno-2020\/#primaryimage"},"thumbnailUrl":"https:\/\/www.treatwell.it/treatment-files\/wp-content\/uploads\/sites\/12\/2022\/03\/betina_goldstein_117777306_202740661193628_1079472532742278070_n.jpg","datePublished":"2020-08-28T13:59:58+00:00","dateModified":"2025-12-24T14:50:51+00:00","description":"Scopri i colori di tendenza per la manicure autunnale: sfumature calde, salvia e sottobosco. Anticipa la stagione e trova ispirazione per le tue unghie.","breadcrumb":{"@id":"https:\/\/www.treatwell.it/treatment-files\/unghie-i-colori-di-tendenza-dellautunno-2020\/#breadcrumb"},"inLanguage":"it-IT","potentialAction":[{"@type":"ReadAction","target":["https:\/\/www.treatwell.it/treatment-files\/unghie-i-colori-di-tendenza-dellautunno-2020\/"]}]},{"@type":"ImageObject","inLanguage":"it-IT","@id":"https:\/\/www.treatwell.it/treatment-files\/unghie-i-colori-di-tendenza-dellautunno-2020\/#primaryimage","url":"https:\/\/www.treatwell.it/treatment-files\/wp-content\/uploads\/sites\/12\/2022\/03\/betina_goldstein_117777306_202740661193628_1079472532742278070_n.jpg","contentUrl":"https:\/\/www.treatwell.it/treatment-files\/wp-content\/uploads\/sites\/12\/2022\/03\/betina_goldstein_117777306_202740661193628_1079472532742278070_n.jpg","width":528,"height":628},{"@type":"BreadcrumbList","@id":"https:\/\/www.treatwell.it/treatment-files\/unghie-i-colori-di-tendenza-dellautunno-2020\/#breadcrumb","itemListElement":[{"@type":"ListItem","position":1,"name":"Home","item":"https:\/\/www.treatwell.it/treatment-files\/"},{"@type":"ListItem","position":2,"name":"Tendenze","item":"https:\/\/www.treatwell.it/treatment-files\/tendenze\/"},{"@type":"ListItem","position":3,"name":"Unghie: i colori di tendenza dell\u2019autunno 2020"}]},{"@type":"WebSite","@id":"https:\/\/www.treatwell.it/treatment-files\/#website","url":"https:\/\/www.treatwell.it/treatment-files\/","name":"Treatwell magazine","description":"Bellezza. Capelli. Lifestyle.","publisher":{"@id":"https:\/\/www.treatwell.it/treatment-files\/#organization"},"potentialAction":[{"@type":"SearchAction","target":{"@type":"EntryPoint","urlTemplate":"https:\/\/www.treatwell.it/treatment-files\/?s={search_term_string}"},"query-input":{"@type":"PropertyValueSpecification","valueRequired":true,"valueName":"search_term_string"}}],"inLanguage":"it-IT"},{"@type":"Organization","@id":"https:\/\/www.treatwell.it/treatment-files\/#organization","name":"Treatwell","url":"https:\/\/www.treatwell.it/treatment-files\/","logo":{"@type":"ImageObject","inLanguage":"it-IT","@id":"https:\/\/www.treatwell.it/treatment-files\/#\/schema\/logo\/image\/","url":"https:\/\/www.treatwell.it/treatment-files\/wp-content\/uploads\/sites\/12\/2022\/03\/logo_treatwell.png","contentUrl":"https:\/\/www.treatwell.it/treatment-files\/wp-content\/uploads\/sites\/12\/2022\/03\/logo_treatwell.png","width":889,"height":164,"caption":"Treatwell"},"image":{"@id":"https:\/\/www.treatwell.it/treatment-files\/#\/schema\/logo\/image\/"}},{"@type":"Person","@id":"https:\/\/www.treatwell.it/treatment-files\/#\/schema\/person\/45be8f7781947e6c6d31f4b658271bf6","name":"Beth Ryan","image":{"@type":"ImageObject","inLanguage":"it-IT","@id":"https:\/\/secure.gravatar.com\/avatar\/93502c3b0591e62d75cc697ff3b5b8f47fef521e9dd0d61feb5570ae6d459200?s=96&d=mm&r=g","url":"https:\/\/secure.gravatar.com\/avatar\/93502c3b0591e62d75cc697ff3b5b8f47fef521e9dd0d61feb5570ae6d459200?s=96&d=mm&r=g","contentUrl":"https:\/\/secure.gravatar.com\/avatar\/93502c3b0591e62d75cc697ff3b5b8f47fef521e9dd0d61feb5570ae6d459200?s=96&d=mm&r=g","caption":"Beth Ryan"},"url":"https:\/\/www.treatwell.it/treatment-files\/author\/bethanyryan\/"}]}},"featured_image_src":"https:\/\/www.treatwell.it/treatment-files\/wp-content\/uploads\/sites\/12\/2022\/03\/betina_goldstein_117777306_202740661193628_1079472532742278070_n-528x400.jpg","featured_image_src_square":"https:\/\/www.treatwell.it/treatment-files\/wp-content\/uploads\/sites\/12\/2022\/03\/betina_goldstein_117777306_202740661193628_1079472532742278070_n-528x600.jpg","author_info":{"display_name":"Beth Ryan","author_link":"https:\/\/www.treatwell.it/treatment-files\/author\/bethanyryan\/"},"_links":{"self":[{"href":"https:\/\/www.treatwell.it\/treatment-files\/wp-json\/wp\/v2\/posts\/12371","targetHints":{"allow":["GET"]}}],"collection":[{"href":"https:\/\/www.treatwell.it\/treatment-files\/wp-json\/wp\/v2\/posts"}],"about":[{"href":"https:\/\/www.treatwell.it\/treatment-files\/wp-json\/wp\/v2\/types\/post"}],"author":[{"embeddable":true,"href":"https:\/\/www.treatwell.it\/treatment-files\/wp-json\/wp\/v2\/users\/3366"}],"replies":[{"embeddable":true,"href":"https:\/\/www.treatwell.it\/treatment-files\/wp-json\/wp\/v2\/comments?post=12371"}],"version-history":[{"count":0,"href":"https:\/\/www.treatwell.it\/treatment-files\/wp-json\/wp\/v2\/posts\/12371\/revisions"}],"wp:featuredmedia":[{"embeddable":true,"href":"https:\/\/www.treatwell.it\/treatment-files\/wp-json\/wp\/v2\/media\/12388"}],"wp:attachment":[{"href":"https:\/\/www.treatwell.it\/treatment-files\/wp-json\/wp\/v2\/media?parent=12371"}],"wp:term":[{"taxonomy":"category","embeddable":true,"href":"https:\/\/www.treatwell.it\/treatment-files\/wp-json\/wp\/v2\/categories?post=12371"},{"taxonomy":"post_tag","embeddable":true,"href":"https:\/\/www.treatwell.it\/treatment-files\/wp-json\/wp\/v2\/tags?post=12371"}],"curies":[{"name":"wp","href":"https:\/\/api.w.org\/{rel}","templated":true}]}}